{"id":2265,"date":"2023-04-20T17:16:21","date_gmt":"2023-04-20T17:16:21","guid":{"rendered":"https:\/\/www.openarms.es\/presentacio-de-la-samarreta-solidaria-samante-andreu-buenafuente-x-open-arms"},"modified":"2025-06-13T08:19:26","modified_gmt":"2025-06-13T08:19:26","slug":"presentacio-de-la-samarreta-solidaria-samante-andreu-buenafuente-x-open-arms","status":"publish","type":"post","link":"https:\/\/www.openarms.es\/ca\/actualitat\/noticies\/presentacio-de-la-samarreta-solidaria-samante-andreu-buenafuente-x-open-arms","title":{"rendered":"Presentaci\u00f3 de la samarreta solid\u00e0ria &#8220;Samant\u00e9! Andreu Buenafuente x Open Arms&#8221;"},"content":{"rendered":"<p><span style=\"font-weight: 400\">&#8220;<strong>Admiro profundament la labor d&#8217;Open Arms i sempre la tinc present<\/strong>&#8220;, ha afirmat l&#8217;humorista durant la presentaci&oacute;. &#8220;Hem aprofitat l&#8217;enorme poder comunicatiu de les samarretes i d&#8217;una imatge tan senzilla com la d&#8217;un cor ( i que pesa tant que gaireb&eacute; tomba el vaixell!), per a intentar que l&#8217;organitzaci&oacute; sigui de la conversa, de manera positiva&#8221;.<\/span><\/p>\n<p><span style=\"font-weight: 400\">&#8220;Quan veig alg&uacute; amb la samarreta d&#8217;Open Arms&#8221;, ha rematat Buenafuente, &#8220;sempre penso: Aquest &eacute;s dels meus!&#8221;.<\/span><\/p>\n<p><span style=\"font-weight: 400\">La presentaci&oacute; davant de la premsa ha estat una oportunitat per a comentar l&#8217;estat d&#8217;emerg&egrave;ncia migratori decretat pel Govern itali&agrave; fa pocs dies. &#8220;Els &uacute;ltims governs italians d&#8217;extrema dreta han desmantellat el sistema d&#8217;arribades d&#8217;acolliment&#8221;, ha comentat &Ograve;scar Camps. &#8220;Sabem que aquesta mesura tindr&agrave; conseq&uuml;&egrave;ncies, per&ograve; encara desconeixem l&#8217;abast, o a quina normativa afectar&agrave;&#8221;.<\/span><\/p>\n<p><span style=\"font-weight: 400\">La <a href=\"https:\/\/regalosalvavidas.openarms.es\/ca\/products\/camiseta-samante-x-andreu-buenafuente\">samarreta<\/a> ja est&agrave; a la venda a la nostra botiga en l&iacute;nia Openarms.es, a la p&agrave;gina web Samanteofficial.com i a les botigues f&iacute;siques i en l&iacute;nia de Natura. Els ingressos de la venda d&#8217;aquesta pe&ccedil;a de cot&oacute; org&agrave;nic 100% aniran destinats &iacute;ntegrament a contribuir a les accions en mar i en terra d&#8217;Open Arms. Perqu&egrave; quan les persones estan en perill, la humanitat ha de prevaler i hem de protegir la vida de les persones en situaci&oacute; de vulnerabilitat, perqu&egrave; forma part de la nostra ess&egrave;ncia.<\/span><\/p>\n<p>&nbsp;<\/p>\n<p><span style=\"font-weight: 400\">Ens necessitem. Et necessiten.<br \/><\/span><span style=\"font-weight: 400\">Ajuda&#8217;ns a seguir.<br \/><\/span><a href=\"https:\/\/www.openarms.es\/ca\/dona\"><span style=\"font-weight: 400\">DONA<\/span><\/a><\/p>\n","protected":false},"excerpt":{"rendered":"<p>Andreu Buenafuente se suma a la nostra missi&oacute; amb una samarreta solid&agrave;ria exclusiva<br \/>\n&nbsp;<br \/>\nDijous 13 d&#8217;abril, Andreu Buenafuente i Oscar Camps, fundador i director d&#8217;Open Arms, van presentar la nova samarreta solid&agrave;ria &#8220;Samant&eacute;! Andreu Buenafuente x Open Arms&#8221; al port de Badalona, dissenyada pel comunicador catal&agrave; amb l&#8217;objectiu de donar suport a la nostra labor humanit&agrave;ria i denunciar la situaci&oacute; que es viu al Mediterrani.<br \/>\nAndreu Buenafuente, ferm col&middot;laborador des dels inicis de la nostra organitzaci&oacute;, ha pujat una vegada m&eacute;s a bord de l&#8217;Astral, el veler humanitari que ha rescatat a m&eacute;s de 15.000 persones des de 2016, per a al&ccedil;ar la veu contra les injust&iacute;cies que succeeixen di&agrave;riament al Mediterrani perqu&egrave;, en les seves paraules: &#8220;Sempre cal posar el cor en tot el que es fa&#8221;.<\/p>\n","protected":false},"author":1,"featured_media":2260,"comment_status":"closed","ping_status":"closed","sticky":false,"template":"","format":"standard","meta":{"content-type":"","footnotes":""},"categories":[55],"tags":[63],"class_list":["post-2265","post","type-post","status-publish","format-standard","has-post-thumbnail","hentry","category-noticies","tag-campanyes"],"yoast_head":"<!-- This site is optimized with the Yoast SEO plugin v27.4 - https:\/\/yoast.com\/product\/yoast-seo-wordpress\/ -->\n<title>Presentaci\u00f3 de la samarreta solid\u00e0ria &quot;Samant\u00e9! Andreu Buenafuente x Open Arms&quot; - Open Arms<\/title>\n<meta name=\"robots\" content=\"index, follow, max-snippet:-1, max-image-preview:large, max-video-preview:-1\" \/>\n<link rel=\"canonical\" href=\"https:\/\/www.openarms.es\/ca\/actualitat\/noticies\/presentacio-de-la-samarreta-solidaria-samante-andreu-buenafuente-x-open-arms\" \/>\n<meta property=\"og:locale\" content=\"ca_ES\" \/>\n<meta property=\"og:type\" content=\"article\" \/>\n<meta property=\"og:title\" content=\"Presentaci\u00f3 de la samarreta solid\u00e0ria &quot;Samant\u00e9! Andreu Buenafuente x Open Arms&quot; - Open Arms\" \/>\n<meta property=\"og:description\" content=\"Andreu Buenafuente se suma a la nostra missi&oacute; amb una samarreta solid&agrave;ria exclusiva &nbsp; Dijous 13 d&#039;abril, Andreu Buenafuente i Oscar Camps, fundador i director d&#039;Open Arms, van presentar la nova samarreta solid&agrave;ria &quot;Samant&eacute;! Andreu Buenafuente x Open Arms&quot; al port de Badalona, dissenyada pel comunicador catal&agrave; amb l&#039;objectiu de donar suport a la nostra labor humanit&agrave;ria i denunciar la situaci&oacute; que es viu al Mediterrani. Andreu Buenafuente, ferm col&middot;laborador des dels inicis de la nostra organitzaci&oacute;, ha pujat una vegada m&eacute;s a bord de l&#039;Astral, el veler humanitari que ha rescatat a m&eacute;s de 15.000 persones des de 2016, per a al&ccedil;ar la veu contra les injust&iacute;cies que succeeixen di&agrave;riament al Mediterrani perqu&egrave;, en les seves paraules: &quot;Sempre cal posar el cor en tot el que es fa&quot;.\" \/>\n<meta property=\"og:url\" content=\"https:\/\/www.openarms.es\/ca\/actualitat\/noticies\/presentacio-de-la-samarreta-solidaria-samante-andreu-buenafuente-x-open-arms\" \/>\n<meta property=\"og:site_name\" content=\"Open Arms\" \/>\n<meta property=\"article:published_time\" content=\"2023-04-20T17:16:21+00:00\" \/>\n<meta property=\"article:modified_time\" content=\"2025-06-13T08:19:26+00:00\" \/>\n<meta property=\"og:image\" content=\"https:\/\/www.openarms.es\/wp-content\/uploads\/2025\/05\/presentacion-camiseta-solidaria-samante-andreu-buenafuente-x-open-arms-1746091753-1024x731.png\" \/>\n\t<meta property=\"og:image:width\" content=\"1024\" \/>\n\t<meta property=\"og:image:height\" content=\"731\" \/>\n\t<meta property=\"og:image:type\" content=\"image\/png\" \/>\n<meta name=\"author\" content=\"Victor\" \/>\n<meta name=\"twitter:card\" content=\"summary_large_image\" \/>\n<meta name=\"twitter:label1\" content=\"Escrit per\" \/>\n\t<meta name=\"twitter:data1\" content=\"Victor\" \/>\n\t<meta name=\"twitter:label2\" content=\"Temps estimat de lectura\" \/>\n\t<meta name=\"twitter:data2\" content=\"1 minut\" \/>\n<script type=\"application\/ld+json\" class=\"yoast-schema-graph\">{\"@context\":\"https:\\\/\\\/schema.org\",\"@graph\":[{\"@type\":\"Article\",\"@id\":\"https:\\\/\\\/www.openarms.es\\\/ca\\\/actualitat\\\/noticies\\\/presentacio-de-la-samarreta-solidaria-samante-andreu-buenafuente-x-open-arms#article\",\"isPartOf\":{\"@id\":\"https:\\\/\\\/www.openarms.es\\\/ca\\\/actualitat\\\/noticies\\\/presentacio-de-la-samarreta-solidaria-samante-andreu-buenafuente-x-open-arms\"},\"author\":{\"name\":\"Victor\",\"@id\":\"https:\\\/\\\/www.openarms.es\\\/ca#\\\/schema\\\/person\\\/bbf6e90ac395fe0d255bfed8bf8985ac\"},\"headline\":\"Presentaci\u00f3 de la samarreta solid\u00e0ria &#8220;Samant\u00e9! Andreu Buenafuente x Open Arms&#8221;\",\"datePublished\":\"2023-04-20T17:16:21+00:00\",\"dateModified\":\"2025-06-13T08:19:26+00:00\",\"mainEntityOfPage\":{\"@id\":\"https:\\\/\\\/www.openarms.es\\\/ca\\\/actualitat\\\/noticies\\\/presentacio-de-la-samarreta-solidaria-samante-andreu-buenafuente-x-open-arms\"},\"wordCount\":288,\"publisher\":{\"@id\":\"https:\\\/\\\/www.openarms.es\\\/ca#organization\"},\"image\":{\"@id\":\"https:\\\/\\\/www.openarms.es\\\/ca\\\/actualitat\\\/noticies\\\/presentacio-de-la-samarreta-solidaria-samante-andreu-buenafuente-x-open-arms#primaryimage\"},\"thumbnailUrl\":\"https:\\\/\\\/www.openarms.es\\\/wp-content\\\/uploads\\\/2025\\\/05\\\/presentacion-camiseta-solidaria-samante-andreu-buenafuente-x-open-arms-1746091753.png\",\"keywords\":[\"Campanyes\"],\"articleSection\":[\"Not\u00edcies\"],\"inLanguage\":\"ca\"},{\"@type\":\"WebPage\",\"@id\":\"https:\\\/\\\/www.openarms.es\\\/ca\\\/actualitat\\\/noticies\\\/presentacio-de-la-samarreta-solidaria-samante-andreu-buenafuente-x-open-arms\",\"url\":\"https:\\\/\\\/www.openarms.es\\\/ca\\\/actualitat\\\/noticies\\\/presentacio-de-la-samarreta-solidaria-samante-andreu-buenafuente-x-open-arms\",\"name\":\"Presentaci\u00f3 de la samarreta solid\u00e0ria \\\"Samant\u00e9! Andreu Buenafuente x Open Arms\\\" - Open Arms\",\"isPartOf\":{\"@id\":\"https:\\\/\\\/www.openarms.es\\\/ca#website\"},\"primaryImageOfPage\":{\"@id\":\"https:\\\/\\\/www.openarms.es\\\/ca\\\/actualitat\\\/noticies\\\/presentacio-de-la-samarreta-solidaria-samante-andreu-buenafuente-x-open-arms#primaryimage\"},\"image\":{\"@id\":\"https:\\\/\\\/www.openarms.es\\\/ca\\\/actualitat\\\/noticies\\\/presentacio-de-la-samarreta-solidaria-samante-andreu-buenafuente-x-open-arms#primaryimage\"},\"thumbnailUrl\":\"https:\\\/\\\/www.openarms.es\\\/wp-content\\\/uploads\\\/2025\\\/05\\\/presentacion-camiseta-solidaria-samante-andreu-buenafuente-x-open-arms-1746091753.png\",\"datePublished\":\"2023-04-20T17:16:21+00:00\",\"dateModified\":\"2025-06-13T08:19:26+00:00\",\"inLanguage\":\"ca\",\"potentialAction\":[{\"@type\":\"ReadAction\",\"target\":[\"https:\\\/\\\/www.openarms.es\\\/ca\\\/actualitat\\\/noticies\\\/presentacio-de-la-samarreta-solidaria-samante-andreu-buenafuente-x-open-arms\"]}]},{\"@type\":\"ImageObject\",\"inLanguage\":\"ca\",\"@id\":\"https:\\\/\\\/www.openarms.es\\\/ca\\\/actualitat\\\/noticies\\\/presentacio-de-la-samarreta-solidaria-samante-andreu-buenafuente-x-open-arms#primaryimage\",\"url\":\"https:\\\/\\\/www.openarms.es\\\/wp-content\\\/uploads\\\/2025\\\/05\\\/presentacion-camiseta-solidaria-samante-andreu-buenafuente-x-open-arms-1746091753.png\",\"contentUrl\":\"https:\\\/\\\/www.openarms.es\\\/wp-content\\\/uploads\\\/2025\\\/05\\\/presentacion-camiseta-solidaria-samante-andreu-buenafuente-x-open-arms-1746091753.png\",\"width\":1600,\"height\":1142,\"caption\":\"Presentaci\u00f3n camiseta solidaria \u201cSamant\u00e9! Andreu Buenafuente x Open Arms\u201d\"},{\"@type\":\"WebSite\",\"@id\":\"https:\\\/\\\/www.openarms.es\\\/ca#website\",\"url\":\"https:\\\/\\\/www.openarms.es\\\/ca\",\"name\":\"Open Arms\",\"description\":\"\",\"publisher\":{\"@id\":\"https:\\\/\\\/www.openarms.es\\\/ca#organization\"},\"potentialAction\":[{\"@type\":\"SearchAction\",\"target\":{\"@type\":\"EntryPoint\",\"urlTemplate\":\"https:\\\/\\\/www.openarms.es\\\/ca?s={search_term_string}\"},\"query-input\":{\"@type\":\"PropertyValueSpecification\",\"valueRequired\":true,\"valueName\":\"search_term_string\"}}],\"inLanguage\":\"ca\"},{\"@type\":\"Organization\",\"@id\":\"https:\\\/\\\/www.openarms.es\\\/ca#organization\",\"name\":\"Open Arms\",\"url\":\"https:\\\/\\\/www.openarms.es\\\/ca\",\"logo\":{\"@type\":\"ImageObject\",\"inLanguage\":\"ca\",\"@id\":\"https:\\\/\\\/www.openarms.es\\\/ca#\\\/schema\\\/logo\\\/image\\\/\",\"url\":\"https:\\\/\\\/www.openarms.es\\\/wp-content\\\/uploads\\\/2025\\\/03\\\/BRAND.svg\",\"contentUrl\":\"https:\\\/\\\/www.openarms.es\\\/wp-content\\\/uploads\\\/2025\\\/03\\\/BRAND.svg\",\"caption\":\"Open Arms\"},\"image\":{\"@id\":\"https:\\\/\\\/www.openarms.es\\\/ca#\\\/schema\\\/logo\\\/image\\\/\"}},{\"@type\":\"Person\",\"@id\":\"https:\\\/\\\/www.openarms.es\\\/ca#\\\/schema\\\/person\\\/bbf6e90ac395fe0d255bfed8bf8985ac\",\"name\":\"Victor\",\"sameAs\":[\"https:\\\/\\\/open-arms.c.wetopi.com\"]}]}<\/script>\n<!-- \/ Yoast SEO plugin. -->","yoast_head_json":{"title":"Presentaci\u00f3 de la samarreta solid\u00e0ria \"Samant\u00e9! Andreu Buenafuente x Open Arms\" - Open Arms","robots":{"index":"index","follow":"follow","max-snippet":"max-snippet:-1","max-image-preview":"max-image-preview:large","max-video-preview":"max-video-preview:-1"},"canonical":"https:\/\/www.openarms.es\/ca\/actualitat\/noticies\/presentacio-de-la-samarreta-solidaria-samante-andreu-buenafuente-x-open-arms","og_locale":"ca_ES","og_type":"article","og_title":"Presentaci\u00f3 de la samarreta solid\u00e0ria \"Samant\u00e9! Andreu Buenafuente x Open Arms\" - Open Arms","og_description":"Andreu Buenafuente se suma a la nostra missi&oacute; amb una samarreta solid&agrave;ria exclusiva &nbsp; Dijous 13 d'abril, Andreu Buenafuente i Oscar Camps, fundador i director d'Open Arms, van presentar la nova samarreta solid&agrave;ria \"Samant&eacute;! Andreu Buenafuente x Open Arms\" al port de Badalona, dissenyada pel comunicador catal&agrave; amb l'objectiu de donar suport a la nostra labor humanit&agrave;ria i denunciar la situaci&oacute; que es viu al Mediterrani. Andreu Buenafuente, ferm col&middot;laborador des dels inicis de la nostra organitzaci&oacute;, ha pujat una vegada m&eacute;s a bord de l'Astral, el veler humanitari que ha rescatat a m&eacute;s de 15.000 persones des de 2016, per a al&ccedil;ar la veu contra les injust&iacute;cies que succeeixen di&agrave;riament al Mediterrani perqu&egrave;, en les seves paraules: \"Sempre cal posar el cor en tot el que es fa\".","og_url":"https:\/\/www.openarms.es\/ca\/actualitat\/noticies\/presentacio-de-la-samarreta-solidaria-samante-andreu-buenafuente-x-open-arms","og_site_name":"Open Arms","article_published_time":"2023-04-20T17:16:21+00:00","article_modified_time":"2025-06-13T08:19:26+00:00","og_image":[{"width":1024,"height":731,"url":"https:\/\/www.openarms.es\/wp-content\/uploads\/2025\/05\/presentacion-camiseta-solidaria-samante-andreu-buenafuente-x-open-arms-1746091753-1024x731.png","type":"image\/png"}],"author":"Victor","twitter_card":"summary_large_image","twitter_misc":{"Escrit per":"Victor","Temps estimat de lectura":"1 minut"},"schema":{"@context":"https:\/\/schema.org","@graph":[{"@type":"Article","@id":"https:\/\/www.openarms.es\/ca\/actualitat\/noticies\/presentacio-de-la-samarreta-solidaria-samante-andreu-buenafuente-x-open-arms#article","isPartOf":{"@id":"https:\/\/www.openarms.es\/ca\/actualitat\/noticies\/presentacio-de-la-samarreta-solidaria-samante-andreu-buenafuente-x-open-arms"},"author":{"name":"Victor","@id":"https:\/\/www.openarms.es\/ca#\/schema\/person\/bbf6e90ac395fe0d255bfed8bf8985ac"},"headline":"Presentaci\u00f3 de la samarreta solid\u00e0ria &#8220;Samant\u00e9! Andreu Buenafuente x Open Arms&#8221;","datePublished":"2023-04-20T17:16:21+00:00","dateModified":"2025-06-13T08:19:26+00:00","mainEntityOfPage":{"@id":"https:\/\/www.openarms.es\/ca\/actualitat\/noticies\/presentacio-de-la-samarreta-solidaria-samante-andreu-buenafuente-x-open-arms"},"wordCount":288,"publisher":{"@id":"https:\/\/www.openarms.es\/ca#organization"},"image":{"@id":"https:\/\/www.openarms.es\/ca\/actualitat\/noticies\/presentacio-de-la-samarreta-solidaria-samante-andreu-buenafuente-x-open-arms#primaryimage"},"thumbnailUrl":"https:\/\/www.openarms.es\/wp-content\/uploads\/2025\/05\/presentacion-camiseta-solidaria-samante-andreu-buenafuente-x-open-arms-1746091753.png","keywords":["Campanyes"],"articleSection":["Not\u00edcies"],"inLanguage":"ca"},{"@type":"WebPage","@id":"https:\/\/www.openarms.es\/ca\/actualitat\/noticies\/presentacio-de-la-samarreta-solidaria-samante-andreu-buenafuente-x-open-arms","url":"https:\/\/www.openarms.es\/ca\/actualitat\/noticies\/presentacio-de-la-samarreta-solidaria-samante-andreu-buenafuente-x-open-arms","name":"Presentaci\u00f3 de la samarreta solid\u00e0ria \"Samant\u00e9! Andreu Buenafuente x Open Arms\" - Open Arms","isPartOf":{"@id":"https:\/\/www.openarms.es\/ca#website"},"primaryImageOfPage":{"@id":"https:\/\/www.openarms.es\/ca\/actualitat\/noticies\/presentacio-de-la-samarreta-solidaria-samante-andreu-buenafuente-x-open-arms#primaryimage"},"image":{"@id":"https:\/\/www.openarms.es\/ca\/actualitat\/noticies\/presentacio-de-la-samarreta-solidaria-samante-andreu-buenafuente-x-open-arms#primaryimage"},"thumbnailUrl":"https:\/\/www.openarms.es\/wp-content\/uploads\/2025\/05\/presentacion-camiseta-solidaria-samante-andreu-buenafuente-x-open-arms-1746091753.png","datePublished":"2023-04-20T17:16:21+00:00","dateModified":"2025-06-13T08:19:26+00:00","inLanguage":"ca","potentialAction":[{"@type":"ReadAction","target":["https:\/\/www.openarms.es\/ca\/actualitat\/noticies\/presentacio-de-la-samarreta-solidaria-samante-andreu-buenafuente-x-open-arms"]}]},{"@type":"ImageObject","inLanguage":"ca","@id":"https:\/\/www.openarms.es\/ca\/actualitat\/noticies\/presentacio-de-la-samarreta-solidaria-samante-andreu-buenafuente-x-open-arms#primaryimage","url":"https:\/\/www.openarms.es\/wp-content\/uploads\/2025\/05\/presentacion-camiseta-solidaria-samante-andreu-buenafuente-x-open-arms-1746091753.png","contentUrl":"https:\/\/www.openarms.es\/wp-content\/uploads\/2025\/05\/presentacion-camiseta-solidaria-samante-andreu-buenafuente-x-open-arms-1746091753.png","width":1600,"height":1142,"caption":"Presentaci\u00f3n camiseta solidaria \u201cSamant\u00e9! Andreu Buenafuente x Open Arms\u201d"},{"@type":"WebSite","@id":"https:\/\/www.openarms.es\/ca#website","url":"https:\/\/www.openarms.es\/ca","name":"Open Arms","description":"","publisher":{"@id":"https:\/\/www.openarms.es\/ca#organization"},"potentialAction":[{"@type":"SearchAction","target":{"@type":"EntryPoint","urlTemplate":"https:\/\/www.openarms.es\/ca?s={search_term_string}"},"query-input":{"@type":"PropertyValueSpecification","valueRequired":true,"valueName":"search_term_string"}}],"inLanguage":"ca"},{"@type":"Organization","@id":"https:\/\/www.openarms.es\/ca#organization","name":"Open Arms","url":"https:\/\/www.openarms.es\/ca","logo":{"@type":"ImageObject","inLanguage":"ca","@id":"https:\/\/www.openarms.es\/ca#\/schema\/logo\/image\/","url":"https:\/\/www.openarms.es\/wp-content\/uploads\/2025\/03\/BRAND.svg","contentUrl":"https:\/\/www.openarms.es\/wp-content\/uploads\/2025\/03\/BRAND.svg","caption":"Open Arms"},"image":{"@id":"https:\/\/www.openarms.es\/ca#\/schema\/logo\/image\/"}},{"@type":"Person","@id":"https:\/\/www.openarms.es\/ca#\/schema\/person\/bbf6e90ac395fe0d255bfed8bf8985ac","name":"Victor","sameAs":["https:\/\/open-arms.c.wetopi.com"]}]}},"_links":{"self":[{"href":"https:\/\/www.openarms.es\/ca\/wp-json\/wp\/v2\/posts\/2265","targetHints":{"allow":["GET"]}}],"collection":[{"href":"https:\/\/www.openarms.es\/ca\/wp-json\/wp\/v2\/posts"}],"about":[{"href":"https:\/\/www.openarms.es\/ca\/wp-json\/wp\/v2\/types\/post"}],"author":[{"embeddable":true,"href":"https:\/\/www.openarms.es\/ca\/wp-json\/wp\/v2\/users\/1"}],"replies":[{"embeddable":true,"href":"https:\/\/www.openarms.es\/ca\/wp-json\/wp\/v2\/comments?post=2265"}],"version-history":[{"count":1,"href":"https:\/\/www.openarms.es\/ca\/wp-json\/wp\/v2\/posts\/2265\/revisions"}],"predecessor-version":[{"id":3767,"href":"https:\/\/www.openarms.es\/ca\/wp-json\/wp\/v2\/posts\/2265\/revisions\/3767"}],"wp:featuredmedia":[{"embeddable":true,"href":"https:\/\/www.openarms.es\/ca\/wp-json\/wp\/v2\/media\/2260"}],"wp:attachment":[{"href":"https:\/\/www.openarms.es\/ca\/wp-json\/wp\/v2\/media?parent=2265"}],"wp:term":[{"taxonomy":"category","embeddable":true,"href":"https:\/\/www.openarms.es\/ca\/wp-json\/wp\/v2\/categories?post=2265"},{"taxonomy":"post_tag","embeddable":true,"href":"https:\/\/www.openarms.es\/ca\/wp-json\/wp\/v2\/tags?post=2265"}],"curies":[{"name":"wp","href":"https:\/\/api.w.org\/{rel}","templated":true}]}}