{"id":2295,"date":"2023-03-07T09:30:16","date_gmt":"2023-03-07T09:30:16","guid":{"rendered":"https:\/\/www.openarms.es\/namaka-dedica-un-numero-especial-a-la-migracio-els-ddhh-i-lempatia"},"modified":"2025-06-13T08:19:26","modified_gmt":"2025-06-13T08:19:26","slug":"namaka-dedica-un-numero-especial-a-la-migracio-els-ddhh-i-lempatia","status":"publish","type":"post","link":"https:\/\/www.openarms.es\/ca\/actualitat\/noticies\/namaka-dedica-un-numero-especial-a-la-migracio-els-ddhh-i-lempatia","title":{"rendered":"&#8216;Namaka&#8217; dedica un n\u00famero especial a la migraci\u00f3, els DDHH i l&#8217;empatia"},"content":{"rendered":"<p style=\"text-align: justify\"><span style=\"font-weight: 400\">En aquesta revista s&rsquo;expliquen els motius que hi ha darrere de les migracions, apel&middot;la a la mem&ograve;ria hist&ograve;rica i fomenta l&rsquo;empatia. Aquesta Namaka tamb&eacute; tracta el drama de totes aquelles persones que es llencen al Mediterrani i arrisquen la seva VIDA. A banda, la revista tamb&eacute; fa reflexionar al voltant de com rebem les persones nouvingudes i convida a posar-se en la pell de la persona que migra. La revista parla de les desigualtats i de com aquestes condicionen l&rsquo;exist&egrave;ncia de tantes i tantes persones al m&oacute;n. Per&ograve; per sobre de tot, <\/span><strong>aquesta revista vol ser un cant a l&rsquo;esperan&ccedil;a i l&rsquo;activisme, per aix&ograve; celebra les accions de totes aquelles persones que amb els bra&ccedil;os ben oberts, ajuden i denuncien les injust&iacute;cies<\/strong><span style=\"font-weight: 400\">. La Namaka n&uacute;m. 35 planteja preguntes, a vegades dif&iacute;cils de respondre, per&ograve; que com a societat cal fer-se.&nbsp;<\/span><\/p>\n<p style=\"text-align: justify\"><span style=\"font-weight: 400\">&nbsp;<\/span><span style=\"font-weight: 400\">Namaka ha caminat de la m&agrave; d&rsquo;Open Arms i en especial de la seva coordinadora pedag&ograve;gica, l&rsquo;&Aacute;ngeles Schjaer que fa aquesta reflexi&oacute;:<\/span> <span style=\"font-weight: 400\">&laquo;Mentre continuem aixecant murs i protegint les fronteres en lloc de protegir els &eacute;ssers humans, continuarem vivint en un m&oacute;n desigual. Haur&iacute;em de construir m&eacute;s ponts i menys murs! Amb aquest projecte el que pretenem &eacute;s tenir un m&oacute;n m&eacute;s just i m&eacute;s amable per a totes les persones vinguin d&#8217;on vinguin. Amb educaci&oacute; per a la llibertat obrim els bra&ccedil;os per&ograve; tamb&eacute; el cor i el pensament per poder ser responsables i honestos. Hem de recuperar la mem&ograve;ria hist&ograve;rica i pensar que som un pa&iacute;s on fa uns anys, moltes persones van migrar fugint d&#8217;una guerra i v&agrave;rem tenir la sort de ser rebuts a l&#8217;altra banda del mar donant-nos l&#8217;oportunitat de tornar a comen&ccedil;ar.&raquo;<\/span><\/p>\n<p style=\"text-align: justify\"><span style=\"font-weight: 400\">&nbsp;<\/span><span style=\"font-weight: 400\">&laquo;Aquesta revista &eacute;s un regal per a totes aquelles fam&iacute;lies i escoles que s&rsquo;esforcen per oferir a la canalla recursos que parlin de temes tan greus com aquest. Des de Namaka considerem que la sensibilitzaci&oacute; i la informaci&oacute; des d&rsquo;edats primerenques &eacute;s essencial perqu&egrave; la nostra canalla desenvolupi la capacitat de decisi&oacute; i acci&oacute;. Per aix&ograve; sempre oferim propostes que fomenten l&#8217;emprenedoria i l&rsquo;activisme amb l&rsquo;objectiu de fer-los reflexionar i buscar solucions als reptes actuals.&raquo; Afegeix la Sara Molina, editora de la publicaci&oacute;.<\/span><\/p>\n<p style=\"text-align: justify\"><span style=\"font-weight: 400\">El 15 de febrer passat, l&#8217;editora de la revista Namaka, Sara Molina, i &Aacute;ngeles Schjaer, coordinadora pedag&ograve;gica d&#8217;Open Arms, van presentar juntes aquest n&uacute;mero especial en un v&iacute;deo en directe al <strong><a href=\"https:\/\/www.instagram.com\/p\/CortgboA-zU\/\" target=\"_blank\" rel=\"noopener\">canal IG de Namaka<\/a><\/strong>.<\/span><\/p>\n<p style=\"text-align: justify\"><span style=\"font-weight: 400\">A m&eacute;s, &Aacute;ngeles Schjaer ha conversat amb Sara Molina tamb&eacute; al podcast <\/span><a href=\"https:\/\/open.spotify.com\/episode\/2r1qlJ6ayCifgFc8HhtwRK?si=zlyXU-cbT0ODRB3QvSYr8w&amp;nd=1\" target=\"_blank\" rel=\"noopener\"><strong><i>Fora tab&uacute;s!<\/i><\/strong><\/a><span style=\"font-weight: 400\">, dirigit al personal docent, on l&#8217;editora de la revista Namaka parla sobre temes controvertits que s&#8217;han de tractar a l&#8217;aula. En aquest cap&iacute;tol, Schjaer ha presentat el projecte <\/span><strong>&ldquo;Educaci&oacute; per a la Llibertat&rdquo;<\/strong><span style=\"font-weight: 400\">, que Open Arms realitza a escoles i instituts de diferents edats per sensibilitzar sobre migraci&oacute;, empatia i drets humans.<\/span><\/p>\n","protected":false},"excerpt":{"rendered":"<p>La revista infantil ha comptat amb la col&middot;laboraci&oacute; especial d&rsquo;Open Arms<br \/>\nNamaka publica nova revista i ho fa tractant amb els infants un tema controvertit, urgent i necessari. La revista n&uacute;m. 35 va de persones que migren i d&rsquo;un m&oacute;n m&eacute;s just on ning&uacute; s&rsquo;hagi de jugar la vida creuant el mar!<br \/>\nAquesta revista ha estat creada a partir de l&rsquo;experi&egrave;ncia d&rsquo;Open Arms, l&rsquo;ONG que t&eacute; com a missi&oacute; principal protegir al mar a aquelles persones que intenten arribar a Europa fugint de conflictes b&egrave;l&middot;lics, persecucions, pobresa&hellip; Aquesta col&middot;laboraci&oacute; &eacute;s important perqu&egrave; amb ella Open Arms i Namaka volen conscienciar als infants de les desigualtats i les injust&iacute;cies socials que els envolten.<\/p>\n","protected":false},"author":1,"featured_media":2290,"comment_status":"closed","ping_status":"closed","sticky":false,"template":"","format":"standard","meta":{"content-type":"","footnotes":""},"categories":[55],"tags":[63],"class_list":["post-2295","post","type-post","status-publish","format-standard","has-post-thumbnail","hentry","category-noticies","tag-campanyes"],"yoast_head":"<!-- This site is optimized with the Yoast SEO plugin v27.4 - https:\/\/yoast.com\/product\/yoast-seo-wordpress\/ -->\n<title>&#039;Namaka&#039; dedica un n\u00famero especial a la migraci\u00f3, els DDHH i l&#039;empatia - Open Arms<\/title>\n<meta name=\"robots\" content=\"index, follow, max-snippet:-1, max-image-preview:large, max-video-preview:-1\" \/>\n<link rel=\"canonical\" href=\"https:\/\/www.openarms.es\/ca\/actualitat\/noticies\/namaka-dedica-un-numero-especial-a-la-migracio-els-ddhh-i-lempatia\" \/>\n<meta property=\"og:locale\" content=\"ca_ES\" \/>\n<meta property=\"og:type\" content=\"article\" \/>\n<meta property=\"og:title\" content=\"&#039;Namaka&#039; dedica un n\u00famero especial a la migraci\u00f3, els DDHH i l&#039;empatia - Open Arms\" \/>\n<meta property=\"og:description\" content=\"La revista infantil ha comptat amb la col&middot;laboraci&oacute; especial d&rsquo;Open Arms Namaka publica nova revista i ho fa tractant amb els infants un tema controvertit, urgent i necessari. La revista n&uacute;m. 35 va de persones que migren i d&rsquo;un m&oacute;n m&eacute;s just on ning&uacute; s&rsquo;hagi de jugar la vida creuant el mar! Aquesta revista ha estat creada a partir de l&rsquo;experi&egrave;ncia d&rsquo;Open Arms, l&rsquo;ONG que t&eacute; com a missi&oacute; principal protegir al mar a aquelles persones que intenten arribar a Europa fugint de conflictes b&egrave;l&middot;lics, persecucions, pobresa&hellip; Aquesta col&middot;laboraci&oacute; &eacute;s important perqu&egrave; amb ella Open Arms i Namaka volen conscienciar als infants de les desigualtats i les injust&iacute;cies socials que els envolten.\" \/>\n<meta property=\"og:url\" content=\"https:\/\/www.openarms.es\/ca\/actualitat\/noticies\/namaka-dedica-un-numero-especial-a-la-migracio-els-ddhh-i-lempatia\" \/>\n<meta property=\"og:site_name\" content=\"Open Arms\" \/>\n<meta property=\"article:published_time\" content=\"2023-03-07T09:30:16+00:00\" \/>\n<meta property=\"article:modified_time\" content=\"2025-06-13T08:19:26+00:00\" \/>\n<meta property=\"og:image\" content=\"https:\/\/www.openarms.es\/wp-content\/uploads\/2025\/05\/namaka-dedica-un-numero-especial-a-la-migracion-los-ddhh-y-la-empatia-1746091766-1024x731.png\" \/>\n\t<meta property=\"og:image:width\" content=\"1024\" \/>\n\t<meta property=\"og:image:height\" content=\"731\" \/>\n\t<meta property=\"og:image:type\" content=\"image\/png\" \/>\n<meta name=\"author\" content=\"Victor\" \/>\n<meta name=\"twitter:card\" content=\"summary_large_image\" \/>\n<meta name=\"twitter:label1\" content=\"Escrit per\" \/>\n\t<meta name=\"twitter:data1\" content=\"Victor\" \/>\n\t<meta name=\"twitter:label2\" content=\"Temps estimat de lectura\" \/>\n\t<meta name=\"twitter:data2\" content=\"3 minuts\" \/>\n<script type=\"application\/ld+json\" class=\"yoast-schema-graph\">{\"@context\":\"https:\\\/\\\/schema.org\",\"@graph\":[{\"@type\":\"Article\",\"@id\":\"https:\\\/\\\/www.openarms.es\\\/ca\\\/actualitat\\\/noticies\\\/namaka-dedica-un-numero-especial-a-la-migracio-els-ddhh-i-lempatia#article\",\"isPartOf\":{\"@id\":\"https:\\\/\\\/www.openarms.es\\\/ca\\\/actualitat\\\/noticies\\\/namaka-dedica-un-numero-especial-a-la-migracio-els-ddhh-i-lempatia\"},\"author\":{\"name\":\"Victor\",\"@id\":\"https:\\\/\\\/www.openarms.es\\\/ca#\\\/schema\\\/person\\\/bbf6e90ac395fe0d255bfed8bf8985ac\"},\"headline\":\"&#8216;Namaka&#8217; dedica un n\u00famero especial a la migraci\u00f3, els DDHH i l&#8217;empatia\",\"datePublished\":\"2023-03-07T09:30:16+00:00\",\"dateModified\":\"2025-06-13T08:19:26+00:00\",\"mainEntityOfPage\":{\"@id\":\"https:\\\/\\\/www.openarms.es\\\/ca\\\/actualitat\\\/noticies\\\/namaka-dedica-un-numero-especial-a-la-migracio-els-ddhh-i-lempatia\"},\"wordCount\":602,\"publisher\":{\"@id\":\"https:\\\/\\\/www.openarms.es\\\/ca#organization\"},\"image\":{\"@id\":\"https:\\\/\\\/www.openarms.es\\\/ca\\\/actualitat\\\/noticies\\\/namaka-dedica-un-numero-especial-a-la-migracio-els-ddhh-i-lempatia#primaryimage\"},\"thumbnailUrl\":\"https:\\\/\\\/www.openarms.es\\\/wp-content\\\/uploads\\\/2025\\\/05\\\/namaka-dedica-un-numero-especial-a-la-migracion-los-ddhh-y-la-empatia-1746091766.png\",\"keywords\":[\"Campanyes\"],\"articleSection\":[\"Not\u00edcies\"],\"inLanguage\":\"ca\"},{\"@type\":\"WebPage\",\"@id\":\"https:\\\/\\\/www.openarms.es\\\/ca\\\/actualitat\\\/noticies\\\/namaka-dedica-un-numero-especial-a-la-migracio-els-ddhh-i-lempatia\",\"url\":\"https:\\\/\\\/www.openarms.es\\\/ca\\\/actualitat\\\/noticies\\\/namaka-dedica-un-numero-especial-a-la-migracio-els-ddhh-i-lempatia\",\"name\":\"'Namaka' dedica un n\u00famero especial a la migraci\u00f3, els DDHH i l'empatia - Open Arms\",\"isPartOf\":{\"@id\":\"https:\\\/\\\/www.openarms.es\\\/ca#website\"},\"primaryImageOfPage\":{\"@id\":\"https:\\\/\\\/www.openarms.es\\\/ca\\\/actualitat\\\/noticies\\\/namaka-dedica-un-numero-especial-a-la-migracio-els-ddhh-i-lempatia#primaryimage\"},\"image\":{\"@id\":\"https:\\\/\\\/www.openarms.es\\\/ca\\\/actualitat\\\/noticies\\\/namaka-dedica-un-numero-especial-a-la-migracio-els-ddhh-i-lempatia#primaryimage\"},\"thumbnailUrl\":\"https:\\\/\\\/www.openarms.es\\\/wp-content\\\/uploads\\\/2025\\\/05\\\/namaka-dedica-un-numero-especial-a-la-migracion-los-ddhh-y-la-empatia-1746091766.png\",\"datePublished\":\"2023-03-07T09:30:16+00:00\",\"dateModified\":\"2025-06-13T08:19:26+00:00\",\"inLanguage\":\"ca\",\"potentialAction\":[{\"@type\":\"ReadAction\",\"target\":[\"https:\\\/\\\/www.openarms.es\\\/ca\\\/actualitat\\\/noticies\\\/namaka-dedica-un-numero-especial-a-la-migracio-els-ddhh-i-lempatia\"]}]},{\"@type\":\"ImageObject\",\"inLanguage\":\"ca\",\"@id\":\"https:\\\/\\\/www.openarms.es\\\/ca\\\/actualitat\\\/noticies\\\/namaka-dedica-un-numero-especial-a-la-migracio-els-ddhh-i-lempatia#primaryimage\",\"url\":\"https:\\\/\\\/www.openarms.es\\\/wp-content\\\/uploads\\\/2025\\\/05\\\/namaka-dedica-un-numero-especial-a-la-migracion-los-ddhh-y-la-empatia-1746091766.png\",\"contentUrl\":\"https:\\\/\\\/www.openarms.es\\\/wp-content\\\/uploads\\\/2025\\\/05\\\/namaka-dedica-un-numero-especial-a-la-migracion-los-ddhh-y-la-empatia-1746091766.png\",\"width\":1600,\"height\":1142,\"caption\":\"'Namaka' dedica un n\u00famero especial a la migraci\u00f3n, los DDHH y la empat\u00eda\"},{\"@type\":\"WebSite\",\"@id\":\"https:\\\/\\\/www.openarms.es\\\/ca#website\",\"url\":\"https:\\\/\\\/www.openarms.es\\\/ca\",\"name\":\"Open Arms\",\"description\":\"\",\"publisher\":{\"@id\":\"https:\\\/\\\/www.openarms.es\\\/ca#organization\"},\"potentialAction\":[{\"@type\":\"SearchAction\",\"target\":{\"@type\":\"EntryPoint\",\"urlTemplate\":\"https:\\\/\\\/www.openarms.es\\\/ca?s={search_term_string}\"},\"query-input\":{\"@type\":\"PropertyValueSpecification\",\"valueRequired\":true,\"valueName\":\"search_term_string\"}}],\"inLanguage\":\"ca\"},{\"@type\":\"Organization\",\"@id\":\"https:\\\/\\\/www.openarms.es\\\/ca#organization\",\"name\":\"Open Arms\",\"url\":\"https:\\\/\\\/www.openarms.es\\\/ca\",\"logo\":{\"@type\":\"ImageObject\",\"inLanguage\":\"ca\",\"@id\":\"https:\\\/\\\/www.openarms.es\\\/ca#\\\/schema\\\/logo\\\/image\\\/\",\"url\":\"https:\\\/\\\/www.openarms.es\\\/wp-content\\\/uploads\\\/2025\\\/03\\\/BRAND.svg\",\"contentUrl\":\"https:\\\/\\\/www.openarms.es\\\/wp-content\\\/uploads\\\/2025\\\/03\\\/BRAND.svg\",\"caption\":\"Open Arms\"},\"image\":{\"@id\":\"https:\\\/\\\/www.openarms.es\\\/ca#\\\/schema\\\/logo\\\/image\\\/\"}},{\"@type\":\"Person\",\"@id\":\"https:\\\/\\\/www.openarms.es\\\/ca#\\\/schema\\\/person\\\/bbf6e90ac395fe0d255bfed8bf8985ac\",\"name\":\"Victor\",\"sameAs\":[\"https:\\\/\\\/open-arms.c.wetopi.com\"]}]}<\/script>\n<!-- \/ Yoast SEO plugin. -->","yoast_head_json":{"title":"'Namaka' dedica un n\u00famero especial a la migraci\u00f3, els DDHH i l'empatia - Open Arms","robots":{"index":"index","follow":"follow","max-snippet":"max-snippet:-1","max-image-preview":"max-image-preview:large","max-video-preview":"max-video-preview:-1"},"canonical":"https:\/\/www.openarms.es\/ca\/actualitat\/noticies\/namaka-dedica-un-numero-especial-a-la-migracio-els-ddhh-i-lempatia","og_locale":"ca_ES","og_type":"article","og_title":"'Namaka' dedica un n\u00famero especial a la migraci\u00f3, els DDHH i l'empatia - Open Arms","og_description":"La revista infantil ha comptat amb la col&middot;laboraci&oacute; especial d&rsquo;Open Arms Namaka publica nova revista i ho fa tractant amb els infants un tema controvertit, urgent i necessari. La revista n&uacute;m. 35 va de persones que migren i d&rsquo;un m&oacute;n m&eacute;s just on ning&uacute; s&rsquo;hagi de jugar la vida creuant el mar! Aquesta revista ha estat creada a partir de l&rsquo;experi&egrave;ncia d&rsquo;Open Arms, l&rsquo;ONG que t&eacute; com a missi&oacute; principal protegir al mar a aquelles persones que intenten arribar a Europa fugint de conflictes b&egrave;l&middot;lics, persecucions, pobresa&hellip; Aquesta col&middot;laboraci&oacute; &eacute;s important perqu&egrave; amb ella Open Arms i Namaka volen conscienciar als infants de les desigualtats i les injust&iacute;cies socials que els envolten.","og_url":"https:\/\/www.openarms.es\/ca\/actualitat\/noticies\/namaka-dedica-un-numero-especial-a-la-migracio-els-ddhh-i-lempatia","og_site_name":"Open Arms","article_published_time":"2023-03-07T09:30:16+00:00","article_modified_time":"2025-06-13T08:19:26+00:00","og_image":[{"width":1024,"height":731,"url":"https:\/\/www.openarms.es\/wp-content\/uploads\/2025\/05\/namaka-dedica-un-numero-especial-a-la-migracion-los-ddhh-y-la-empatia-1746091766-1024x731.png","type":"image\/png"}],"author":"Victor","twitter_card":"summary_large_image","twitter_misc":{"Escrit per":"Victor","Temps estimat de lectura":"3 minuts"},"schema":{"@context":"https:\/\/schema.org","@graph":[{"@type":"Article","@id":"https:\/\/www.openarms.es\/ca\/actualitat\/noticies\/namaka-dedica-un-numero-especial-a-la-migracio-els-ddhh-i-lempatia#article","isPartOf":{"@id":"https:\/\/www.openarms.es\/ca\/actualitat\/noticies\/namaka-dedica-un-numero-especial-a-la-migracio-els-ddhh-i-lempatia"},"author":{"name":"Victor","@id":"https:\/\/www.openarms.es\/ca#\/schema\/person\/bbf6e90ac395fe0d255bfed8bf8985ac"},"headline":"&#8216;Namaka&#8217; dedica un n\u00famero especial a la migraci\u00f3, els DDHH i l&#8217;empatia","datePublished":"2023-03-07T09:30:16+00:00","dateModified":"2025-06-13T08:19:26+00:00","mainEntityOfPage":{"@id":"https:\/\/www.openarms.es\/ca\/actualitat\/noticies\/namaka-dedica-un-numero-especial-a-la-migracio-els-ddhh-i-lempatia"},"wordCount":602,"publisher":{"@id":"https:\/\/www.openarms.es\/ca#organization"},"image":{"@id":"https:\/\/www.openarms.es\/ca\/actualitat\/noticies\/namaka-dedica-un-numero-especial-a-la-migracio-els-ddhh-i-lempatia#primaryimage"},"thumbnailUrl":"https:\/\/www.openarms.es\/wp-content\/uploads\/2025\/05\/namaka-dedica-un-numero-especial-a-la-migracion-los-ddhh-y-la-empatia-1746091766.png","keywords":["Campanyes"],"articleSection":["Not\u00edcies"],"inLanguage":"ca"},{"@type":"WebPage","@id":"https:\/\/www.openarms.es\/ca\/actualitat\/noticies\/namaka-dedica-un-numero-especial-a-la-migracio-els-ddhh-i-lempatia","url":"https:\/\/www.openarms.es\/ca\/actualitat\/noticies\/namaka-dedica-un-numero-especial-a-la-migracio-els-ddhh-i-lempatia","name":"'Namaka' dedica un n\u00famero especial a la migraci\u00f3, els DDHH i l'empatia - Open Arms","isPartOf":{"@id":"https:\/\/www.openarms.es\/ca#website"},"primaryImageOfPage":{"@id":"https:\/\/www.openarms.es\/ca\/actualitat\/noticies\/namaka-dedica-un-numero-especial-a-la-migracio-els-ddhh-i-lempatia#primaryimage"},"image":{"@id":"https:\/\/www.openarms.es\/ca\/actualitat\/noticies\/namaka-dedica-un-numero-especial-a-la-migracio-els-ddhh-i-lempatia#primaryimage"},"thumbnailUrl":"https:\/\/www.openarms.es\/wp-content\/uploads\/2025\/05\/namaka-dedica-un-numero-especial-a-la-migracion-los-ddhh-y-la-empatia-1746091766.png","datePublished":"2023-03-07T09:30:16+00:00","dateModified":"2025-06-13T08:19:26+00:00","inLanguage":"ca","potentialAction":[{"@type":"ReadAction","target":["https:\/\/www.openarms.es\/ca\/actualitat\/noticies\/namaka-dedica-un-numero-especial-a-la-migracio-els-ddhh-i-lempatia"]}]},{"@type":"ImageObject","inLanguage":"ca","@id":"https:\/\/www.openarms.es\/ca\/actualitat\/noticies\/namaka-dedica-un-numero-especial-a-la-migracio-els-ddhh-i-lempatia#primaryimage","url":"https:\/\/www.openarms.es\/wp-content\/uploads\/2025\/05\/namaka-dedica-un-numero-especial-a-la-migracion-los-ddhh-y-la-empatia-1746091766.png","contentUrl":"https:\/\/www.openarms.es\/wp-content\/uploads\/2025\/05\/namaka-dedica-un-numero-especial-a-la-migracion-los-ddhh-y-la-empatia-1746091766.png","width":1600,"height":1142,"caption":"'Namaka' dedica un n\u00famero especial a la migraci\u00f3n, los DDHH y la empat\u00eda"},{"@type":"WebSite","@id":"https:\/\/www.openarms.es\/ca#website","url":"https:\/\/www.openarms.es\/ca","name":"Open Arms","description":"","publisher":{"@id":"https:\/\/www.openarms.es\/ca#organization"},"potentialAction":[{"@type":"SearchAction","target":{"@type":"EntryPoint","urlTemplate":"https:\/\/www.openarms.es\/ca?s={search_term_string}"},"query-input":{"@type":"PropertyValueSpecification","valueRequired":true,"valueName":"search_term_string"}}],"inLanguage":"ca"},{"@type":"Organization","@id":"https:\/\/www.openarms.es\/ca#organization","name":"Open Arms","url":"https:\/\/www.openarms.es\/ca","logo":{"@type":"ImageObject","inLanguage":"ca","@id":"https:\/\/www.openarms.es\/ca#\/schema\/logo\/image\/","url":"https:\/\/www.openarms.es\/wp-content\/uploads\/2025\/03\/BRAND.svg","contentUrl":"https:\/\/www.openarms.es\/wp-content\/uploads\/2025\/03\/BRAND.svg","caption":"Open Arms"},"image":{"@id":"https:\/\/www.openarms.es\/ca#\/schema\/logo\/image\/"}},{"@type":"Person","@id":"https:\/\/www.openarms.es\/ca#\/schema\/person\/bbf6e90ac395fe0d255bfed8bf8985ac","name":"Victor","sameAs":["https:\/\/open-arms.c.wetopi.com"]}]}},"_links":{"self":[{"href":"https:\/\/www.openarms.es\/ca\/wp-json\/wp\/v2\/posts\/2295","targetHints":{"allow":["GET"]}}],"collection":[{"href":"https:\/\/www.openarms.es\/ca\/wp-json\/wp\/v2\/posts"}],"about":[{"href":"https:\/\/www.openarms.es\/ca\/wp-json\/wp\/v2\/types\/post"}],"author":[{"embeddable":true,"href":"https:\/\/www.openarms.es\/ca\/wp-json\/wp\/v2\/users\/1"}],"replies":[{"embeddable":true,"href":"https:\/\/www.openarms.es\/ca\/wp-json\/wp\/v2\/comments?post=2295"}],"version-history":[{"count":1,"href":"https:\/\/www.openarms.es\/ca\/wp-json\/wp\/v2\/posts\/2295\/revisions"}],"predecessor-version":[{"id":3770,"href":"https:\/\/www.openarms.es\/ca\/wp-json\/wp\/v2\/posts\/2295\/revisions\/3770"}],"wp:featuredmedia":[{"embeddable":true,"href":"https:\/\/www.openarms.es\/ca\/wp-json\/wp\/v2\/media\/2290"}],"wp:attachment":[{"href":"https:\/\/www.openarms.es\/ca\/wp-json\/wp\/v2\/media?parent=2295"}],"wp:term":[{"taxonomy":"category","embeddable":true,"href":"https:\/\/www.openarms.es\/ca\/wp-json\/wp\/v2\/categories?post=2295"},{"taxonomy":"post_tag","embeddable":true,"href":"https:\/\/www.openarms.es\/ca\/wp-json\/wp\/v2\/tags?post=2295"}],"curies":[{"name":"wp","href":"https:\/\/api.w.org\/{rel}","templated":true}]}}