{"id":8763,"date":"2026-04-30T09:27:33","date_gmt":"2026-04-30T09:27:33","guid":{"rendered":"https:\/\/www.openarms.es\/sense-categoria\/la-global-sumud-flotilla-es-interceptada-per-la-marina-israeliana-a-1-100-km-d-israel"},"modified":"2026-04-30T09:43:33","modified_gmt":"2026-04-30T09:43:33","slug":"la-global-sumud-flotilla-es-interceptada-per-la-marina-israeliana-a-1-100-km-d-israel","status":"publish","type":"post","link":"https:\/\/www.openarms.es\/ca\/actualitat\/noticies\/la-global-sumud-flotilla-es-interceptada-per-la-marina-israeliana-a-1-100-km-d-israel","title":{"rendered":"La Global Sumud Flotilla interceptada per la marina israeliana a 1.100 km d\u2019Israel"},"content":{"rendered":"\n<p>30 d\u2019abril de 2026 \u2013 A 1.100 km de Gaza, en aig\u00fces internacionals a la zona SAR grega, forces israelianes han interceptat i abordat per la for\u00e7a almenys 21 embarcacions de la Global Sumud Flotilla, en la qual Open Arms participa des del 15 d\u2019abril.&#13;\n<\/p>\n\n<p>Les embarcacions van ser amena\u00e7ades amb armes autom\u00e0tiques, algunes van quedar a la deriva despr\u00e9s del bloqueig dels seus motors i es van registrar interfer\u00e8ncies en les comunicacions d\u2019emerg\u00e8ncia i els sistemes de navegaci\u00f3, provocant la p\u00e8rdua de contacte amb part de la flotilla.<\/p>\n\n<p>Tot i trobar-se en zona de responsabilitat europea i haver em\u00e8s senyals de socors, no es van activar mecanismes de rescat. El que ha passat suposa una greu vulneraci\u00f3 del dret mar\u00edtim internacional.<\/p>\n\n<p><span style=\"font-weight: 400;\">Open Arms exigeix:<\/span><span style=\"font-weight: 400;\">&#13;\n<\/span><span style=\"font-weight: 400;\"> \u2013 Restabliment immediat de les comunicacions<\/span><span style=\"font-weight: 400;\">&#13;\n<\/span><span style=\"font-weight: 400;\"> \u2013 Garanties de seguretat per a totes les embarcacions<\/span><span style=\"font-weight: 400;\">&#13;\n<\/span><span style=\"font-weight: 400;\"> \u2013 Activaci\u00f3 dels protocols de cerca i rescat<\/span><span style=\"font-weight: 400;\">&#13;\n<\/span><span style=\"font-weight: 400;\"> \u2013 Fi de qualsevol acci\u00f3 que posi en risc la flotilla<\/span><\/p>\n\n<p>En aquests moments, l\u2019Open Arms est\u00e0 realitzant tasques de cerca i rescat de les embarcacions a la deriva.<\/p>\n","protected":false},"excerpt":{"rendered":"<p>30 d\u2019abril de 2026 \u2013 A 1.100 km de Gaza, en aig\u00fces internacionals a la zona SAR grega, forces israelianes han interceptat i abordat per la for\u00e7a almenys 21 embarcacions de la Global Sumud Flotilla, en la qual Open Arms participa des del 15 d\u2019abril.&#13; Les embarcacions van ser amena\u00e7ades amb armes autom\u00e0tiques, algunes van [&hellip;]<\/p>\n","protected":false},"author":17,"featured_media":8756,"comment_status":"closed","ping_status":"closed","sticky":false,"template":"","format":"standard","meta":{"content-type":"","footnotes":""},"categories":[55,45],"tags":[],"class_list":["post-8763","post","type-post","status-publish","format-standard","has-post-thumbnail","hentry","category-noticies","category-sense-categoria"],"yoast_head":"<!-- This site is optimized with the Yoast SEO plugin v27.4 - https:\/\/yoast.com\/product\/yoast-seo-wordpress\/ -->\n<title>La Global Sumud Flotilla interceptada per la marina israeliana a 1.100 km d\u2019Israel - Open Arms<\/title>\n<meta name=\"robots\" content=\"index, follow, max-snippet:-1, max-image-preview:large, max-video-preview:-1\" \/>\n<link rel=\"canonical\" href=\"https:\/\/www.openarms.es\/ca\/actualitat\/noticies\/la-global-sumud-flotilla-es-interceptada-per-la-marina-israeliana-a-1-100-km-d-israel\" \/>\n<meta property=\"og:locale\" content=\"ca_ES\" \/>\n<meta property=\"og:type\" content=\"article\" \/>\n<meta property=\"og:title\" content=\"La Global Sumud Flotilla interceptada per la marina israeliana a 1.100 km d\u2019Israel - Open Arms\" \/>\n<meta property=\"og:description\" content=\"30 d\u2019abril de 2026 \u2013 A 1.100 km de Gaza, en aig\u00fces internacionals a la zona SAR grega, forces israelianes han interceptat i abordat per la for\u00e7a almenys 21 embarcacions de la Global Sumud Flotilla, en la qual Open Arms participa des del 15 d\u2019abril.&#013; Les embarcacions van ser amena\u00e7ades amb armes autom\u00e0tiques, algunes van [&hellip;]\" \/>\n<meta property=\"og:url\" content=\"https:\/\/www.openarms.es\/ca\/actualitat\/noticies\/la-global-sumud-flotilla-es-interceptada-per-la-marina-israeliana-a-1-100-km-d-israel\" \/>\n<meta property=\"og:site_name\" content=\"Open Arms\" \/>\n<meta property=\"article:published_time\" content=\"2026-04-30T09:27:33+00:00\" \/>\n<meta property=\"article:modified_time\" content=\"2026-04-30T09:43:33+00:00\" \/>\n<meta property=\"og:image\" content=\"https:\/\/www.openarms.es\/wp-content\/uploads\/2026\/04\/ATTACCO.png\" \/>\n\t<meta property=\"og:image:width\" content=\"966\" \/>\n\t<meta property=\"og:image:height\" content=\"544\" \/>\n\t<meta property=\"og:image:type\" content=\"image\/png\" \/>\n<meta name=\"author\" content=\"bmendola@openarms.es\" \/>\n<meta name=\"twitter:card\" content=\"summary_large_image\" \/>\n<meta name=\"twitter:label1\" content=\"Escrit per\" \/>\n\t<meta name=\"twitter:data1\" content=\"bmendola@openarms.es\" \/>\n\t<meta name=\"twitter:label2\" content=\"Temps estimat de lectura\" \/>\n\t<meta name=\"twitter:data2\" content=\"1 minut\" \/>\n<script type=\"application\/ld+json\" class=\"yoast-schema-graph\">{\"@context\":\"https:\\\/\\\/schema.org\",\"@graph\":[{\"@type\":\"Article\",\"@id\":\"https:\\\/\\\/www.openarms.es\\\/ca\\\/actualitat\\\/noticies\\\/la-global-sumud-flotilla-es-interceptada-per-la-marina-israeliana-a-1-100-km-d-israel#article\",\"isPartOf\":{\"@id\":\"https:\\\/\\\/www.openarms.es\\\/ca\\\/actualitat\\\/noticies\\\/la-global-sumud-flotilla-es-interceptada-per-la-marina-israeliana-a-1-100-km-d-israel\"},\"author\":{\"name\":\"bmendola@openarms.es\",\"@id\":\"https:\\\/\\\/www.openarms.es\\\/ca#\\\/schema\\\/person\\\/29bf9391fd252673d1f531ea13df7249\"},\"headline\":\"La Global Sumud Flotilla interceptada per la marina israeliana a 1.100 km d\u2019Israel\",\"datePublished\":\"2026-04-30T09:27:33+00:00\",\"dateModified\":\"2026-04-30T09:43:33+00:00\",\"mainEntityOfPage\":{\"@id\":\"https:\\\/\\\/www.openarms.es\\\/ca\\\/actualitat\\\/noticies\\\/la-global-sumud-flotilla-es-interceptada-per-la-marina-israeliana-a-1-100-km-d-israel\"},\"wordCount\":194,\"publisher\":{\"@id\":\"https:\\\/\\\/www.openarms.es\\\/ca#organization\"},\"image\":{\"@id\":\"https:\\\/\\\/www.openarms.es\\\/ca\\\/actualitat\\\/noticies\\\/la-global-sumud-flotilla-es-interceptada-per-la-marina-israeliana-a-1-100-km-d-israel#primaryimage\"},\"thumbnailUrl\":\"https:\\\/\\\/www.openarms.es\\\/wp-content\\\/uploads\\\/2026\\\/04\\\/ATTACCO.png\",\"articleSection\":[\"Not\u00edcies\"],\"inLanguage\":\"ca\"},{\"@type\":\"WebPage\",\"@id\":\"https:\\\/\\\/www.openarms.es\\\/ca\\\/actualitat\\\/noticies\\\/la-global-sumud-flotilla-es-interceptada-per-la-marina-israeliana-a-1-100-km-d-israel\",\"url\":\"https:\\\/\\\/www.openarms.es\\\/ca\\\/actualitat\\\/noticies\\\/la-global-sumud-flotilla-es-interceptada-per-la-marina-israeliana-a-1-100-km-d-israel\",\"name\":\"La Global Sumud Flotilla interceptada per la marina israeliana a 1.100 km d\u2019Israel - Open Arms\",\"isPartOf\":{\"@id\":\"https:\\\/\\\/www.openarms.es\\\/ca#website\"},\"primaryImageOfPage\":{\"@id\":\"https:\\\/\\\/www.openarms.es\\\/ca\\\/actualitat\\\/noticies\\\/la-global-sumud-flotilla-es-interceptada-per-la-marina-israeliana-a-1-100-km-d-israel#primaryimage\"},\"image\":{\"@id\":\"https:\\\/\\\/www.openarms.es\\\/ca\\\/actualitat\\\/noticies\\\/la-global-sumud-flotilla-es-interceptada-per-la-marina-israeliana-a-1-100-km-d-israel#primaryimage\"},\"thumbnailUrl\":\"https:\\\/\\\/www.openarms.es\\\/wp-content\\\/uploads\\\/2026\\\/04\\\/ATTACCO.png\",\"datePublished\":\"2026-04-30T09:27:33+00:00\",\"dateModified\":\"2026-04-30T09:43:33+00:00\",\"inLanguage\":\"ca\",\"potentialAction\":[{\"@type\":\"ReadAction\",\"target\":[\"https:\\\/\\\/www.openarms.es\\\/ca\\\/actualitat\\\/noticies\\\/la-global-sumud-flotilla-es-interceptada-per-la-marina-israeliana-a-1-100-km-d-israel\"]}]},{\"@type\":\"ImageObject\",\"inLanguage\":\"ca\",\"@id\":\"https:\\\/\\\/www.openarms.es\\\/ca\\\/actualitat\\\/noticies\\\/la-global-sumud-flotilla-es-interceptada-per-la-marina-israeliana-a-1-100-km-d-israel#primaryimage\",\"url\":\"https:\\\/\\\/www.openarms.es\\\/wp-content\\\/uploads\\\/2026\\\/04\\\/ATTACCO.png\",\"contentUrl\":\"https:\\\/\\\/www.openarms.es\\\/wp-content\\\/uploads\\\/2026\\\/04\\\/ATTACCO.png\",\"width\":966,\"height\":544},{\"@type\":\"WebSite\",\"@id\":\"https:\\\/\\\/www.openarms.es\\\/ca#website\",\"url\":\"https:\\\/\\\/www.openarms.es\\\/ca\",\"name\":\"Open Arms\",\"description\":\"\",\"publisher\":{\"@id\":\"https:\\\/\\\/www.openarms.es\\\/ca#organization\"},\"potentialAction\":[{\"@type\":\"SearchAction\",\"target\":{\"@type\":\"EntryPoint\",\"urlTemplate\":\"https:\\\/\\\/www.openarms.es\\\/ca?s={search_term_string}\"},\"query-input\":{\"@type\":\"PropertyValueSpecification\",\"valueRequired\":true,\"valueName\":\"search_term_string\"}}],\"inLanguage\":\"ca\"},{\"@type\":\"Organization\",\"@id\":\"https:\\\/\\\/www.openarms.es\\\/ca#organization\",\"name\":\"Open Arms\",\"url\":\"https:\\\/\\\/www.openarms.es\\\/ca\",\"logo\":{\"@type\":\"ImageObject\",\"inLanguage\":\"ca\",\"@id\":\"https:\\\/\\\/www.openarms.es\\\/ca#\\\/schema\\\/logo\\\/image\\\/\",\"url\":\"https:\\\/\\\/www.openarms.es\\\/wp-content\\\/uploads\\\/2025\\\/03\\\/BRAND.svg\",\"contentUrl\":\"https:\\\/\\\/www.openarms.es\\\/wp-content\\\/uploads\\\/2025\\\/03\\\/BRAND.svg\",\"caption\":\"Open Arms\"},\"image\":{\"@id\":\"https:\\\/\\\/www.openarms.es\\\/ca#\\\/schema\\\/logo\\\/image\\\/\"}},{\"@type\":\"Person\",\"@id\":\"https:\\\/\\\/www.openarms.es\\\/ca#\\\/schema\\\/person\\\/29bf9391fd252673d1f531ea13df7249\",\"name\":\"bmendola@openarms.es\"}]}<\/script>\n<!-- \/ Yoast SEO plugin. -->","yoast_head_json":{"title":"La Global Sumud Flotilla interceptada per la marina israeliana a 1.100 km d\u2019Israel - Open Arms","robots":{"index":"index","follow":"follow","max-snippet":"max-snippet:-1","max-image-preview":"max-image-preview:large","max-video-preview":"max-video-preview:-1"},"canonical":"https:\/\/www.openarms.es\/ca\/actualitat\/noticies\/la-global-sumud-flotilla-es-interceptada-per-la-marina-israeliana-a-1-100-km-d-israel","og_locale":"ca_ES","og_type":"article","og_title":"La Global Sumud Flotilla interceptada per la marina israeliana a 1.100 km d\u2019Israel - Open Arms","og_description":"30 d\u2019abril de 2026 \u2013 A 1.100 km de Gaza, en aig\u00fces internacionals a la zona SAR grega, forces israelianes han interceptat i abordat per la for\u00e7a almenys 21 embarcacions de la Global Sumud Flotilla, en la qual Open Arms participa des del 15 d\u2019abril.&#13; Les embarcacions van ser amena\u00e7ades amb armes autom\u00e0tiques, algunes van [&hellip;]","og_url":"https:\/\/www.openarms.es\/ca\/actualitat\/noticies\/la-global-sumud-flotilla-es-interceptada-per-la-marina-israeliana-a-1-100-km-d-israel","og_site_name":"Open Arms","article_published_time":"2026-04-30T09:27:33+00:00","article_modified_time":"2026-04-30T09:43:33+00:00","og_image":[{"width":966,"height":544,"url":"https:\/\/www.openarms.es\/wp-content\/uploads\/2026\/04\/ATTACCO.png","type":"image\/png"}],"author":"bmendola@openarms.es","twitter_card":"summary_large_image","twitter_misc":{"Escrit per":"bmendola@openarms.es","Temps estimat de lectura":"1 minut"},"schema":{"@context":"https:\/\/schema.org","@graph":[{"@type":"Article","@id":"https:\/\/www.openarms.es\/ca\/actualitat\/noticies\/la-global-sumud-flotilla-es-interceptada-per-la-marina-israeliana-a-1-100-km-d-israel#article","isPartOf":{"@id":"https:\/\/www.openarms.es\/ca\/actualitat\/noticies\/la-global-sumud-flotilla-es-interceptada-per-la-marina-israeliana-a-1-100-km-d-israel"},"author":{"name":"bmendola@openarms.es","@id":"https:\/\/www.openarms.es\/ca#\/schema\/person\/29bf9391fd252673d1f531ea13df7249"},"headline":"La Global Sumud Flotilla interceptada per la marina israeliana a 1.100 km d\u2019Israel","datePublished":"2026-04-30T09:27:33+00:00","dateModified":"2026-04-30T09:43:33+00:00","mainEntityOfPage":{"@id":"https:\/\/www.openarms.es\/ca\/actualitat\/noticies\/la-global-sumud-flotilla-es-interceptada-per-la-marina-israeliana-a-1-100-km-d-israel"},"wordCount":194,"publisher":{"@id":"https:\/\/www.openarms.es\/ca#organization"},"image":{"@id":"https:\/\/www.openarms.es\/ca\/actualitat\/noticies\/la-global-sumud-flotilla-es-interceptada-per-la-marina-israeliana-a-1-100-km-d-israel#primaryimage"},"thumbnailUrl":"https:\/\/www.openarms.es\/wp-content\/uploads\/2026\/04\/ATTACCO.png","articleSection":["Not\u00edcies"],"inLanguage":"ca"},{"@type":"WebPage","@id":"https:\/\/www.openarms.es\/ca\/actualitat\/noticies\/la-global-sumud-flotilla-es-interceptada-per-la-marina-israeliana-a-1-100-km-d-israel","url":"https:\/\/www.openarms.es\/ca\/actualitat\/noticies\/la-global-sumud-flotilla-es-interceptada-per-la-marina-israeliana-a-1-100-km-d-israel","name":"La Global Sumud Flotilla interceptada per la marina israeliana a 1.100 km d\u2019Israel - Open Arms","isPartOf":{"@id":"https:\/\/www.openarms.es\/ca#website"},"primaryImageOfPage":{"@id":"https:\/\/www.openarms.es\/ca\/actualitat\/noticies\/la-global-sumud-flotilla-es-interceptada-per-la-marina-israeliana-a-1-100-km-d-israel#primaryimage"},"image":{"@id":"https:\/\/www.openarms.es\/ca\/actualitat\/noticies\/la-global-sumud-flotilla-es-interceptada-per-la-marina-israeliana-a-1-100-km-d-israel#primaryimage"},"thumbnailUrl":"https:\/\/www.openarms.es\/wp-content\/uploads\/2026\/04\/ATTACCO.png","datePublished":"2026-04-30T09:27:33+00:00","dateModified":"2026-04-30T09:43:33+00:00","inLanguage":"ca","potentialAction":[{"@type":"ReadAction","target":["https:\/\/www.openarms.es\/ca\/actualitat\/noticies\/la-global-sumud-flotilla-es-interceptada-per-la-marina-israeliana-a-1-100-km-d-israel"]}]},{"@type":"ImageObject","inLanguage":"ca","@id":"https:\/\/www.openarms.es\/ca\/actualitat\/noticies\/la-global-sumud-flotilla-es-interceptada-per-la-marina-israeliana-a-1-100-km-d-israel#primaryimage","url":"https:\/\/www.openarms.es\/wp-content\/uploads\/2026\/04\/ATTACCO.png","contentUrl":"https:\/\/www.openarms.es\/wp-content\/uploads\/2026\/04\/ATTACCO.png","width":966,"height":544},{"@type":"WebSite","@id":"https:\/\/www.openarms.es\/ca#website","url":"https:\/\/www.openarms.es\/ca","name":"Open Arms","description":"","publisher":{"@id":"https:\/\/www.openarms.es\/ca#organization"},"potentialAction":[{"@type":"SearchAction","target":{"@type":"EntryPoint","urlTemplate":"https:\/\/www.openarms.es\/ca?s={search_term_string}"},"query-input":{"@type":"PropertyValueSpecification","valueRequired":true,"valueName":"search_term_string"}}],"inLanguage":"ca"},{"@type":"Organization","@id":"https:\/\/www.openarms.es\/ca#organization","name":"Open Arms","url":"https:\/\/www.openarms.es\/ca","logo":{"@type":"ImageObject","inLanguage":"ca","@id":"https:\/\/www.openarms.es\/ca#\/schema\/logo\/image\/","url":"https:\/\/www.openarms.es\/wp-content\/uploads\/2025\/03\/BRAND.svg","contentUrl":"https:\/\/www.openarms.es\/wp-content\/uploads\/2025\/03\/BRAND.svg","caption":"Open Arms"},"image":{"@id":"https:\/\/www.openarms.es\/ca#\/schema\/logo\/image\/"}},{"@type":"Person","@id":"https:\/\/www.openarms.es\/ca#\/schema\/person\/29bf9391fd252673d1f531ea13df7249","name":"bmendola@openarms.es"}]}},"_links":{"self":[{"href":"https:\/\/www.openarms.es\/ca\/wp-json\/wp\/v2\/posts\/8763","targetHints":{"allow":["GET"]}}],"collection":[{"href":"https:\/\/www.openarms.es\/ca\/wp-json\/wp\/v2\/posts"}],"about":[{"href":"https:\/\/www.openarms.es\/ca\/wp-json\/wp\/v2\/types\/post"}],"author":[{"embeddable":true,"href":"https:\/\/www.openarms.es\/ca\/wp-json\/wp\/v2\/users\/17"}],"replies":[{"embeddable":true,"href":"https:\/\/www.openarms.es\/ca\/wp-json\/wp\/v2\/comments?post=8763"}],"version-history":[{"count":1,"href":"https:\/\/www.openarms.es\/ca\/wp-json\/wp\/v2\/posts\/8763\/revisions"}],"predecessor-version":[{"id":8764,"href":"https:\/\/www.openarms.es\/ca\/wp-json\/wp\/v2\/posts\/8763\/revisions\/8764"}],"wp:featuredmedia":[{"embeddable":true,"href":"https:\/\/www.openarms.es\/ca\/wp-json\/wp\/v2\/media\/8756"}],"wp:attachment":[{"href":"https:\/\/www.openarms.es\/ca\/wp-json\/wp\/v2\/media?parent=8763"}],"wp:term":[{"taxonomy":"category","embeddable":true,"href":"https:\/\/www.openarms.es\/ca\/wp-json\/wp\/v2\/categories?post=8763"},{"taxonomy":"post_tag","embeddable":true,"href":"https:\/\/www.openarms.es\/ca\/wp-json\/wp\/v2\/tags?post=8763"}],"curies":[{"name":"wp","href":"https:\/\/api.w.org\/{rel}","templated":true}]}}