{"id":2296,"date":"2023-03-07T09:30:16","date_gmt":"2023-03-07T09:30:16","guid":{"rendered":"https:\/\/www.openarms.es\/namaka-dedicates-a-special-issue-to-migration-human-rights-and-empathy"},"modified":"2025-06-13T08:45:15","modified_gmt":"2025-06-13T08:45:15","slug":"namaka-dedicates-a-special-issue-to-migration-human-rights-and-empathy","status":"publish","type":"post","link":"https:\/\/www.openarms.es\/en\/current-events\/news\/namaka-dedicates-a-special-issue-to-migration-human-rights-and-empathy","title":{"rendered":"Namaka&#8217; dedicates a special issue to migration, Human Rights and Empathy"},"content":{"rendered":"<p style=\"text-align: justify\"><span style=\"font-weight: 400\">The magazine explains the reasons behind migrations, appeals to historical memory and encourages empathy. This Namaka also deals with the drama of all those people who throw themselves into the Mediterranean Sea and risk their LIFES. And it makes us think about how we welcome newcomers and invites us to put ourselves in the shoes of the migrants. The magazine talks about inequalities and how they condition the existence of so many people in the world. But above all, <\/span><strong>the magazine wants to be a hymn of hope and activism, celebrating the actions of all those who, with arms wide open, help and denounce injustice.<\/strong><span style=\"font-weight: 400\"> Namaka number 35 raises questions that are sometimes difficult to answer, but that we as a society must ask ourselves.<\/span><\/p>\n<p style=\"text-align: justify\"><span style=\"font-weight: 400\">Namaka has walked hand in hand with Open Arms and especially with its pedagogical coordinator, <\/span><strong>&Aacute;ngeles Schjaer<\/strong><span style=\"font-weight: 400\">, who makes this reflection: &#8220;As long as we continue to build walls and protect borders instead of protecting people, we will continue to live in an unequal world. <\/span><strong>Let us build more bridges and less walls!<\/strong><span style=\"font-weight: 400\"> With this project we want to create a fairer and kinder world for all people, no matter where they come from. With &#8220;Education for Freedom&#8221; we open our arms, but also our hearts and minds to be responsible and honest. We must recover our historical memory and remember that we are a country where, a few years ago, many people emigrated, fleeing a war, and we were lucky to be welcomed on the other side of the sea and to have the opportunity to start again.<\/span><\/p>\n<p style=\"text-align: justify\"><span style=\"font-weight: 400\">&#8220;This magazine is a gift to all those families and schools that strive to provide children with resources that address serious issues such as these. At Namaka, we believe that <\/span><strong>awareness and information from an early age are essential<\/strong><span style=\"font-weight: 400\"> for our children to develop the ability to make decisions and take action. That is why we always offer proposals that encourage entrepreneurship and activism, with the aim of making them reflect and seek solutions to current challenges,&#8221; adds Sara Molina, editor of the publication.<\/span><\/p>\n<p style=\"text-align: justify\"><span style=\"font-weight: 400\">On February 15, <\/span><strong>Sara Molina<\/strong><span style=\"font-weight: 400\">, editor of Namaka magazine, and &Aacute;ngeles Schjaer, educational coordinator of Open Arms, presented this special issue in a live video on <\/span><strong><a href=\"https:\/\/www.instagram.com\/p\/CortgboA-zU\/\" target=\"_blank\" rel=\"noopener\">Namaka&#8217;s IG channel<\/a><\/strong>.<\/p>\n<p style=\"text-align: justify\"><span style=\"font-weight: 400\">In addition, &Aacute;ngeles Schjaer spoke with Sara Molina in the <a href=\"https:\/\/open.spotify.com\/episode\/2r1qlJ6ayCifgFc8HhtwRK?si=zlyXU-cbT0ODRB3QvSYr8w&amp;nd=1\" target=\"_blank\" rel=\"noopener\"><strong><em>Fora tab&uacute;s!<\/em><\/strong> <\/a>podcast for teachers, in which the editor of Namaka magazine talks about controversial issues that should be addressed in the classroom. In this episode, Schjaer presented the &#8220;Education for Freedom&#8221; project that Open Arms carries out in schools and institutes, focusing on different age groups, to raise awareness about migration, empathy and human rights.<\/span><\/p>\n","protected":false},"excerpt":{"rendered":"<p>The children&#8217;s magazine has counted on a special collaboration with Open Arms<br \/>\nNamaka publishes a new magazine dealing about a controversial, urgent and necessary topic to be explained to children. Issue 35 is about migrants and a fairer world where no one has to risk their lives crossing the sea.<br \/>\nThis issue was born from the experience of Open Arms, the NGO whose main mission is to protect at sea those who try to reach Europe fleeing war, persecution, poverty&#8230; This collaboration is important because Open Arms and Namaka want to make children aware of the inequalities and social injustices that surround them.<\/p>\n","protected":false},"author":1,"featured_media":2290,"comment_status":"closed","ping_status":"closed","sticky":false,"template":"","format":"standard","meta":{"content-type":"","footnotes":""},"categories":[57],"tags":[69],"class_list":["post-2296","post","type-post","status-publish","format-standard","has-post-thumbnail","hentry","category-news","tag-campaigns"],"yoast_head":"<!-- This site is optimized with the Yoast SEO plugin v27.4 - https:\/\/yoast.com\/product\/yoast-seo-wordpress\/ -->\n<title>Namaka&#039; dedicates a special issue to migration, Human Rights and Empathy - Open Arms<\/title>\n<meta name=\"robots\" content=\"index, follow, max-snippet:-1, max-image-preview:large, max-video-preview:-1\" \/>\n<link rel=\"canonical\" href=\"https:\/\/www.openarms.es\/en\/current-events\/news\/namaka-dedicates-a-special-issue-to-migration-human-rights-and-empathy\" \/>\n<meta property=\"og:locale\" content=\"en_US\" \/>\n<meta property=\"og:type\" content=\"article\" \/>\n<meta property=\"og:title\" content=\"Namaka&#039; dedicates a special issue to migration, Human Rights and Empathy - Open Arms\" \/>\n<meta property=\"og:description\" content=\"The children&#039;s magazine has counted on a special collaboration with Open Arms Namaka publishes a new magazine dealing about a controversial, urgent and necessary topic to be explained to children. Issue 35 is about migrants and a fairer world where no one has to risk their lives crossing the sea. This issue was born from the experience of Open Arms, the NGO whose main mission is to protect at sea those who try to reach Europe fleeing war, persecution, poverty... This collaboration is important because Open Arms and Namaka want to make children aware of the inequalities and social injustices that surround them.\" \/>\n<meta property=\"og:url\" content=\"https:\/\/www.openarms.es\/en\/current-events\/news\/namaka-dedicates-a-special-issue-to-migration-human-rights-and-empathy\" \/>\n<meta property=\"og:site_name\" content=\"Open Arms\" \/>\n<meta property=\"article:published_time\" content=\"2023-03-07T09:30:16+00:00\" \/>\n<meta property=\"article:modified_time\" content=\"2025-06-13T08:45:15+00:00\" \/>\n<meta property=\"og:image\" content=\"https:\/\/www.openarms.es\/wp-content\/uploads\/2025\/05\/namaka-dedica-un-numero-especial-a-la-migracion-los-ddhh-y-la-empatia-1746091766-1024x731.png\" \/>\n\t<meta property=\"og:image:width\" content=\"1024\" \/>\n\t<meta property=\"og:image:height\" content=\"731\" \/>\n\t<meta property=\"og:image:type\" content=\"image\/png\" \/>\n<meta name=\"author\" content=\"Victor\" \/>\n<meta name=\"twitter:card\" content=\"summary_large_image\" \/>\n<meta name=\"twitter:label1\" content=\"Written by\" \/>\n\t<meta name=\"twitter:data1\" content=\"Victor\" \/>\n\t<meta name=\"twitter:label2\" content=\"Est. reading time\" \/>\n\t<meta name=\"twitter:data2\" content=\"2 minutes\" \/>\n<script type=\"application\/ld+json\" class=\"yoast-schema-graph\">{\"@context\":\"https:\\\/\\\/schema.org\",\"@graph\":[{\"@type\":\"Article\",\"@id\":\"https:\\\/\\\/www.openarms.es\\\/en\\\/current-events\\\/news\\\/namaka-dedicates-a-special-issue-to-migration-human-rights-and-empathy#article\",\"isPartOf\":{\"@id\":\"https:\\\/\\\/www.openarms.es\\\/en\\\/current-events\\\/news\\\/namaka-dedicates-a-special-issue-to-migration-human-rights-and-empathy\"},\"author\":{\"name\":\"Victor\",\"@id\":\"https:\\\/\\\/www.openarms.es\\\/en#\\\/schema\\\/person\\\/bbf6e90ac395fe0d255bfed8bf8985ac\"},\"headline\":\"Namaka&#8217; dedicates a special issue to migration, Human Rights and Empathy\",\"datePublished\":\"2023-03-07T09:30:16+00:00\",\"dateModified\":\"2025-06-13T08:45:15+00:00\",\"mainEntityOfPage\":{\"@id\":\"https:\\\/\\\/www.openarms.es\\\/en\\\/current-events\\\/news\\\/namaka-dedicates-a-special-issue-to-migration-human-rights-and-empathy\"},\"wordCount\":458,\"publisher\":{\"@id\":\"https:\\\/\\\/www.openarms.es\\\/en#organization\"},\"image\":{\"@id\":\"https:\\\/\\\/www.openarms.es\\\/en\\\/current-events\\\/news\\\/namaka-dedicates-a-special-issue-to-migration-human-rights-and-empathy#primaryimage\"},\"thumbnailUrl\":\"https:\\\/\\\/www.openarms.es\\\/wp-content\\\/uploads\\\/2025\\\/05\\\/namaka-dedica-un-numero-especial-a-la-migracion-los-ddhh-y-la-empatia-1746091766.png\",\"keywords\":[\"Campaigns\"],\"articleSection\":[\"News\"],\"inLanguage\":\"en-US\"},{\"@type\":\"WebPage\",\"@id\":\"https:\\\/\\\/www.openarms.es\\\/en\\\/current-events\\\/news\\\/namaka-dedicates-a-special-issue-to-migration-human-rights-and-empathy\",\"url\":\"https:\\\/\\\/www.openarms.es\\\/en\\\/current-events\\\/news\\\/namaka-dedicates-a-special-issue-to-migration-human-rights-and-empathy\",\"name\":\"Namaka' dedicates a special issue to migration, Human Rights and Empathy - Open Arms\",\"isPartOf\":{\"@id\":\"https:\\\/\\\/www.openarms.es\\\/en#website\"},\"primaryImageOfPage\":{\"@id\":\"https:\\\/\\\/www.openarms.es\\\/en\\\/current-events\\\/news\\\/namaka-dedicates-a-special-issue-to-migration-human-rights-and-empathy#primaryimage\"},\"image\":{\"@id\":\"https:\\\/\\\/www.openarms.es\\\/en\\\/current-events\\\/news\\\/namaka-dedicates-a-special-issue-to-migration-human-rights-and-empathy#primaryimage\"},\"thumbnailUrl\":\"https:\\\/\\\/www.openarms.es\\\/wp-content\\\/uploads\\\/2025\\\/05\\\/namaka-dedica-un-numero-especial-a-la-migracion-los-ddhh-y-la-empatia-1746091766.png\",\"datePublished\":\"2023-03-07T09:30:16+00:00\",\"dateModified\":\"2025-06-13T08:45:15+00:00\",\"inLanguage\":\"en-US\",\"potentialAction\":[{\"@type\":\"ReadAction\",\"target\":[\"https:\\\/\\\/www.openarms.es\\\/en\\\/current-events\\\/news\\\/namaka-dedicates-a-special-issue-to-migration-human-rights-and-empathy\"]}]},{\"@type\":\"ImageObject\",\"inLanguage\":\"en-US\",\"@id\":\"https:\\\/\\\/www.openarms.es\\\/en\\\/current-events\\\/news\\\/namaka-dedicates-a-special-issue-to-migration-human-rights-and-empathy#primaryimage\",\"url\":\"https:\\\/\\\/www.openarms.es\\\/wp-content\\\/uploads\\\/2025\\\/05\\\/namaka-dedica-un-numero-especial-a-la-migracion-los-ddhh-y-la-empatia-1746091766.png\",\"contentUrl\":\"https:\\\/\\\/www.openarms.es\\\/wp-content\\\/uploads\\\/2025\\\/05\\\/namaka-dedica-un-numero-especial-a-la-migracion-los-ddhh-y-la-empatia-1746091766.png\",\"width\":1600,\"height\":1142,\"caption\":\"'Namaka' dedica un n\u00famero especial a la migraci\u00f3n, los DDHH y la empat\u00eda\"},{\"@type\":\"WebSite\",\"@id\":\"https:\\\/\\\/www.openarms.es\\\/en#website\",\"url\":\"https:\\\/\\\/www.openarms.es\\\/en\",\"name\":\"Open Arms\",\"description\":\"\",\"publisher\":{\"@id\":\"https:\\\/\\\/www.openarms.es\\\/en#organization\"},\"potentialAction\":[{\"@type\":\"SearchAction\",\"target\":{\"@type\":\"EntryPoint\",\"urlTemplate\":\"https:\\\/\\\/www.openarms.es\\\/en?s={search_term_string}\"},\"query-input\":{\"@type\":\"PropertyValueSpecification\",\"valueRequired\":true,\"valueName\":\"search_term_string\"}}],\"inLanguage\":\"en-US\"},{\"@type\":\"Organization\",\"@id\":\"https:\\\/\\\/www.openarms.es\\\/en#organization\",\"name\":\"Open Arms\",\"url\":\"https:\\\/\\\/www.openarms.es\\\/en\",\"logo\":{\"@type\":\"ImageObject\",\"inLanguage\":\"en-US\",\"@id\":\"https:\\\/\\\/www.openarms.es\\\/en#\\\/schema\\\/logo\\\/image\\\/\",\"url\":\"https:\\\/\\\/www.openarms.es\\\/wp-content\\\/uploads\\\/2025\\\/03\\\/BRAND.svg\",\"contentUrl\":\"https:\\\/\\\/www.openarms.es\\\/wp-content\\\/uploads\\\/2025\\\/03\\\/BRAND.svg\",\"caption\":\"Open Arms\"},\"image\":{\"@id\":\"https:\\\/\\\/www.openarms.es\\\/en#\\\/schema\\\/logo\\\/image\\\/\"}},{\"@type\":\"Person\",\"@id\":\"https:\\\/\\\/www.openarms.es\\\/en#\\\/schema\\\/person\\\/bbf6e90ac395fe0d255bfed8bf8985ac\",\"name\":\"Victor\",\"sameAs\":[\"https:\\\/\\\/open-arms.c.wetopi.com\"]}]}<\/script>\n<!-- \/ Yoast SEO plugin. -->","yoast_head_json":{"title":"Namaka' dedicates a special issue to migration, Human Rights and Empathy - Open Arms","robots":{"index":"index","follow":"follow","max-snippet":"max-snippet:-1","max-image-preview":"max-image-preview:large","max-video-preview":"max-video-preview:-1"},"canonical":"https:\/\/www.openarms.es\/en\/current-events\/news\/namaka-dedicates-a-special-issue-to-migration-human-rights-and-empathy","og_locale":"en_US","og_type":"article","og_title":"Namaka' dedicates a special issue to migration, Human Rights and Empathy - Open Arms","og_description":"The children's magazine has counted on a special collaboration with Open Arms Namaka publishes a new magazine dealing about a controversial, urgent and necessary topic to be explained to children. Issue 35 is about migrants and a fairer world where no one has to risk their lives crossing the sea. This issue was born from the experience of Open Arms, the NGO whose main mission is to protect at sea those who try to reach Europe fleeing war, persecution, poverty... This collaboration is important because Open Arms and Namaka want to make children aware of the inequalities and social injustices that surround them.","og_url":"https:\/\/www.openarms.es\/en\/current-events\/news\/namaka-dedicates-a-special-issue-to-migration-human-rights-and-empathy","og_site_name":"Open Arms","article_published_time":"2023-03-07T09:30:16+00:00","article_modified_time":"2025-06-13T08:45:15+00:00","og_image":[{"width":1024,"height":731,"url":"https:\/\/www.openarms.es\/wp-content\/uploads\/2025\/05\/namaka-dedica-un-numero-especial-a-la-migracion-los-ddhh-y-la-empatia-1746091766-1024x731.png","type":"image\/png"}],"author":"Victor","twitter_card":"summary_large_image","twitter_misc":{"Written by":"Victor","Est. reading time":"2 minutes"},"schema":{"@context":"https:\/\/schema.org","@graph":[{"@type":"Article","@id":"https:\/\/www.openarms.es\/en\/current-events\/news\/namaka-dedicates-a-special-issue-to-migration-human-rights-and-empathy#article","isPartOf":{"@id":"https:\/\/www.openarms.es\/en\/current-events\/news\/namaka-dedicates-a-special-issue-to-migration-human-rights-and-empathy"},"author":{"name":"Victor","@id":"https:\/\/www.openarms.es\/en#\/schema\/person\/bbf6e90ac395fe0d255bfed8bf8985ac"},"headline":"Namaka&#8217; dedicates a special issue to migration, Human Rights and Empathy","datePublished":"2023-03-07T09:30:16+00:00","dateModified":"2025-06-13T08:45:15+00:00","mainEntityOfPage":{"@id":"https:\/\/www.openarms.es\/en\/current-events\/news\/namaka-dedicates-a-special-issue-to-migration-human-rights-and-empathy"},"wordCount":458,"publisher":{"@id":"https:\/\/www.openarms.es\/en#organization"},"image":{"@id":"https:\/\/www.openarms.es\/en\/current-events\/news\/namaka-dedicates-a-special-issue-to-migration-human-rights-and-empathy#primaryimage"},"thumbnailUrl":"https:\/\/www.openarms.es\/wp-content\/uploads\/2025\/05\/namaka-dedica-un-numero-especial-a-la-migracion-los-ddhh-y-la-empatia-1746091766.png","keywords":["Campaigns"],"articleSection":["News"],"inLanguage":"en-US"},{"@type":"WebPage","@id":"https:\/\/www.openarms.es\/en\/current-events\/news\/namaka-dedicates-a-special-issue-to-migration-human-rights-and-empathy","url":"https:\/\/www.openarms.es\/en\/current-events\/news\/namaka-dedicates-a-special-issue-to-migration-human-rights-and-empathy","name":"Namaka' dedicates a special issue to migration, Human Rights and Empathy - Open Arms","isPartOf":{"@id":"https:\/\/www.openarms.es\/en#website"},"primaryImageOfPage":{"@id":"https:\/\/www.openarms.es\/en\/current-events\/news\/namaka-dedicates-a-special-issue-to-migration-human-rights-and-empathy#primaryimage"},"image":{"@id":"https:\/\/www.openarms.es\/en\/current-events\/news\/namaka-dedicates-a-special-issue-to-migration-human-rights-and-empathy#primaryimage"},"thumbnailUrl":"https:\/\/www.openarms.es\/wp-content\/uploads\/2025\/05\/namaka-dedica-un-numero-especial-a-la-migracion-los-ddhh-y-la-empatia-1746091766.png","datePublished":"2023-03-07T09:30:16+00:00","dateModified":"2025-06-13T08:45:15+00:00","inLanguage":"en-US","potentialAction":[{"@type":"ReadAction","target":["https:\/\/www.openarms.es\/en\/current-events\/news\/namaka-dedicates-a-special-issue-to-migration-human-rights-and-empathy"]}]},{"@type":"ImageObject","inLanguage":"en-US","@id":"https:\/\/www.openarms.es\/en\/current-events\/news\/namaka-dedicates-a-special-issue-to-migration-human-rights-and-empathy#primaryimage","url":"https:\/\/www.openarms.es\/wp-content\/uploads\/2025\/05\/namaka-dedica-un-numero-especial-a-la-migracion-los-ddhh-y-la-empatia-1746091766.png","contentUrl":"https:\/\/www.openarms.es\/wp-content\/uploads\/2025\/05\/namaka-dedica-un-numero-especial-a-la-migracion-los-ddhh-y-la-empatia-1746091766.png","width":1600,"height":1142,"caption":"'Namaka' dedica un n\u00famero especial a la migraci\u00f3n, los DDHH y la empat\u00eda"},{"@type":"WebSite","@id":"https:\/\/www.openarms.es\/en#website","url":"https:\/\/www.openarms.es\/en","name":"Open Arms","description":"","publisher":{"@id":"https:\/\/www.openarms.es\/en#organization"},"potentialAction":[{"@type":"SearchAction","target":{"@type":"EntryPoint","urlTemplate":"https:\/\/www.openarms.es\/en?s={search_term_string}"},"query-input":{"@type":"PropertyValueSpecification","valueRequired":true,"valueName":"search_term_string"}}],"inLanguage":"en-US"},{"@type":"Organization","@id":"https:\/\/www.openarms.es\/en#organization","name":"Open Arms","url":"https:\/\/www.openarms.es\/en","logo":{"@type":"ImageObject","inLanguage":"en-US","@id":"https:\/\/www.openarms.es\/en#\/schema\/logo\/image\/","url":"https:\/\/www.openarms.es\/wp-content\/uploads\/2025\/03\/BRAND.svg","contentUrl":"https:\/\/www.openarms.es\/wp-content\/uploads\/2025\/03\/BRAND.svg","caption":"Open Arms"},"image":{"@id":"https:\/\/www.openarms.es\/en#\/schema\/logo\/image\/"}},{"@type":"Person","@id":"https:\/\/www.openarms.es\/en#\/schema\/person\/bbf6e90ac395fe0d255bfed8bf8985ac","name":"Victor","sameAs":["https:\/\/open-arms.c.wetopi.com"]}]}},"_links":{"self":[{"href":"https:\/\/www.openarms.es\/en\/wp-json\/wp\/v2\/posts\/2296","targetHints":{"allow":["GET"]}}],"collection":[{"href":"https:\/\/www.openarms.es\/en\/wp-json\/wp\/v2\/posts"}],"about":[{"href":"https:\/\/www.openarms.es\/en\/wp-json\/wp\/v2\/types\/post"}],"author":[{"embeddable":true,"href":"https:\/\/www.openarms.es\/en\/wp-json\/wp\/v2\/users\/1"}],"replies":[{"embeddable":true,"href":"https:\/\/www.openarms.es\/en\/wp-json\/wp\/v2\/comments?post=2296"}],"version-history":[{"count":1,"href":"https:\/\/www.openarms.es\/en\/wp-json\/wp\/v2\/posts\/2296\/revisions"}],"predecessor-version":[{"id":5687,"href":"https:\/\/www.openarms.es\/en\/wp-json\/wp\/v2\/posts\/2296\/revisions\/5687"}],"wp:featuredmedia":[{"embeddable":true,"href":"https:\/\/www.openarms.es\/en\/wp-json\/wp\/v2\/media\/2290"}],"wp:attachment":[{"href":"https:\/\/www.openarms.es\/en\/wp-json\/wp\/v2\/media?parent=2296"}],"wp:term":[{"taxonomy":"category","embeddable":true,"href":"https:\/\/www.openarms.es\/en\/wp-json\/wp\/v2\/categories?post=2296"},{"taxonomy":"post_tag","embeddable":true,"href":"https:\/\/www.openarms.es\/en\/wp-json\/wp\/v2\/tags?post=2296"}],"curies":[{"name":"wp","href":"https:\/\/api.w.org\/{rel}","templated":true}]}}