{"id":2289,"date":"2023-03-07T09:30:16","date_gmt":"2023-03-07T09:30:16","guid":{"rendered":"https:\/\/www.openarms.es\/namaka-dedica-un-numero-especial-a-la-migracion-los-ddhh-y-la-empatia"},"modified":"2025-06-13T07:58:35","modified_gmt":"2025-06-13T07:58:35","slug":"namaka-dedica-un-numero-especial-a-la-migracion-los-ddhh-y-la-empatia","status":"publish","type":"post","link":"https:\/\/www.openarms.es\/es\/actualidad\/noticias\/namaka-dedica-un-numero-especial-a-la-migracion-los-ddhh-y-la-empatia","title":{"rendered":"&#8216;Namaka&#8217; dedica un n\u00famero especial a la migraci\u00f3n, los DDHH y la empat\u00eda"},"content":{"rendered":"<p style=\"text-align: justify\"><span>Esta revista explica los motivos detr&aacute;s de las migraciones, apela a la memoria hist&oacute;rica y fomenta la empat&iacute;a. Esta Namaka tambi&eacute;n trata el drama de todas aquellas personas que se lanzan al Mediterr&aacute;neo y arriesgan su VIDA. Y, hace reflexionar sobre c&oacute;mo recibimos a las personas reci&eacute;n llegadas e invita a ponerse en la piel de la persona que migra. La revista habla de las desigualdades y de c&oacute;mo condicionan la existencia de tantas y tantas personas en el mundo. Pero, sobre todo, <\/span><strong>esta revista quiere ser un canto a la esperanza y el activismo, por eso celebra las acciones de todas aquellas personas que, con los brazos bien abiertos, ayudan y denuncian las injusticias<\/strong><span>. La Namaka n&uacute;mero 35 plantea preguntas, a veces dif&iacute;ciles de responder, pero que como sociedad es necesario hacerse.<\/span><\/p>\n<p style=\"text-align: justify\"><span style=\"font-weight: 400\">Namaka ha caminado de la mano de Open Arms y en especial de su coordinadora pedag&oacute;gica, <\/span><strong>&Aacute;ngeles Schjaer<\/strong><span style=\"font-weight: 400\">, que hace esta reflexi&oacute;n: &laquo;Mientras sigamos levantando muros y protegiendo las fronteras en vez de proteger a los seres humanos, seguiremos viviendo en un mundo desigual. <\/span><strong>&iexcl;Tendr&iacute;amos que construir m&aacute;s puentes y menos muros!<\/strong><span style=\"font-weight: 400\"> Con este proyecto lo que pretendemos es tener un mundo m&aacute;s justo y m&aacute;s amable para todas las personas, vengan de donde vengan. Con &ldquo;Educaci&oacute;n para la libertad&rdquo; abrimos los brazos, pero tambi&eacute;n el coraz&oacute;n y el pensamiento para poder ser responsables y honestos. Debemos recuperar la memoria hist&oacute;rica y pensar que somos un pa&iacute;s en el que, hace unos a&ntilde;os, muchas personas migraron huyendo de una guerra y tuvimos la suerte de ser recibidos al otro lado del mar, y, la oportunidad de volver a empezar.&raquo;<\/span><\/p>\n<p style=\"text-align: justify\"><span style=\"font-weight: 400\">&laquo;Esta revista es un regalo para todas aquellas familias y escuelas que se esfuerzan por ofrecer a los ni&ntilde;os recursos que hablen de temas tan graves como este. Desde Namaka consideramos que <\/span><strong>la sensibilizaci&oacute;n y la informaci&oacute;n desde edades tempranas es esencial<\/strong><span style=\"font-weight: 400\"> para que nuestros ni&ntilde;os desarrollen la capacidad de decisi&oacute;n y acci&oacute;n. Por eso siempre ofrecemos propuestas que fomentan el emprendimiento y el activismo con el objetivo de hacerlos reflexionar y buscar soluciones a los retos actuales&raquo;, a&ntilde;ade <\/span><strong>Sara Molina<\/strong><span style=\"font-weight: 400\">, editora de la publicaci&oacute;n.<\/span><\/p>\n<p style=\"text-align: justify\"><span style=\"font-weight: 400\">El pasado 15 de febrero, la editora de la revista Namaka, Sara Molina, y &Aacute;ngeles Schjaer, coordinadora pedag&oacute;gica de Open Arms, presentaron juntas este n&uacute;mero especial en un video en directo en el <\/span><a href=\"https:\/\/www.instagram.com\/p\/CortgboA-zU\/\" target=\"_blank\" rel=\"noopener\"><strong>canal IG de Namaka<\/strong><\/a><span style=\"font-weight: 400\">.<\/span><\/p>\n<p style=\"text-align: justify\"><span style=\"font-weight: 400\">Adem&aacute;s, &Aacute;ngeles Schjaer ha conversado con Sara Molina tambi&eacute;n en el podcast&nbsp;<\/span><strong><a href=\"https:\/\/open.spotify.com\/episode\/2r1qlJ6ayCifgFc8HhtwRK?si=zlyXU-cbT0ODRB3QvSYr8w&amp;nd=1\" target=\"_blank\" rel=\"noopener\"><i>Fora tab&uacute;s!<\/i><\/a><\/strong><span style=\"font-weight: 400\">, dirigido al personal docente, \u200ben el que la editora de la revista Namaka<\/span> <span style=\"font-weight: 400\">habla sobre temas controvertidos que deben tratarse en el aula. En este cap&iacute;tulo, Schjaer ha presentado el proyecto &ldquo;Educaci&oacute;n para la Libertad&rdquo;, que Open Arms realiza en escuelas e institutos, enfocado a distintas edades, para sensibilizar sobre migraci&oacute;n, empat&iacute;a y derechos humanos.<\/span><\/p>\n","protected":false},"excerpt":{"rendered":"<p>La revista infantil ha contado con la colaboraci&oacute;n especial de Open Arms<br \/>\nNamaka publica nueva revista y lo hace tratando con los ni&ntilde;os un tema controvertido, urgente y necesario. La revista n&uacute;mero 35 va de personas que migran y de un mundo m&aacute;s justo donde nadie tenga que jugarse la vida cruzando el mar.<br \/>\nEsta revista ha sido creada a partir de la experiencia de Open Arms, la ONG que tiene como misi&oacute;n principal proteger en el mar a aquellas personas que intentan llegar a Europa huyendo de conflictos b&eacute;licos, persecuciones, pobreza&hellip; Esta colaboraci&oacute;n es importante porque con ella Open Arms y Namaka quieren concienciar a los ni&ntilde;os de las desigualdades y las injusticias sociales que los rodean.<\/p>\n","protected":false},"author":1,"featured_media":2290,"comment_status":"closed","ping_status":"closed","sticky":false,"template":"","format":"standard","meta":{"content-type":"","footnotes":""},"categories":[49],"tags":[50],"class_list":["post-2289","post","type-post","status-publish","format-standard","has-post-thumbnail","hentry","category-noticias","tag-campanas"],"yoast_head":"<!-- This site is optimized with the Yoast SEO plugin v27.4 - https:\/\/yoast.com\/product\/yoast-seo-wordpress\/ -->\n<title>&#039;Namaka&#039; dedica un n\u00famero especial a la migraci\u00f3n, los DDHH y la empat\u00eda - Open Arms<\/title>\n<meta name=\"robots\" content=\"index, follow, max-snippet:-1, max-image-preview:large, max-video-preview:-1\" \/>\n<link rel=\"canonical\" href=\"https:\/\/www.openarms.es\/es\/actualidad\/noticias\/namaka-dedica-un-numero-especial-a-la-migracion-los-ddhh-y-la-empatia\" \/>\n<meta property=\"og:locale\" content=\"es_ES\" \/>\n<meta property=\"og:type\" content=\"article\" \/>\n<meta property=\"og:title\" content=\"&#039;Namaka&#039; dedica un n\u00famero especial a la migraci\u00f3n, los DDHH y la empat\u00eda - Open Arms\" \/>\n<meta property=\"og:description\" content=\"La revista infantil ha contado con la colaboraci&oacute;n especial de Open Arms Namaka publica nueva revista y lo hace tratando con los ni&ntilde;os un tema controvertido, urgente y necesario. La revista n&uacute;mero 35 va de personas que migran y de un mundo m&aacute;s justo donde nadie tenga que jugarse la vida cruzando el mar. Esta revista ha sido creada a partir de la experiencia de Open Arms, la ONG que tiene como misi&oacute;n principal proteger en el mar a aquellas personas que intentan llegar a Europa huyendo de conflictos b&eacute;licos, persecuciones, pobreza&hellip; Esta colaboraci&oacute;n es importante porque con ella Open Arms y Namaka quieren concienciar a los ni&ntilde;os de las desigualdades y las injusticias sociales que los rodean.\" \/>\n<meta property=\"og:url\" content=\"https:\/\/www.openarms.es\/es\/actualidad\/noticias\/namaka-dedica-un-numero-especial-a-la-migracion-los-ddhh-y-la-empatia\" \/>\n<meta property=\"og:site_name\" content=\"Open Arms\" \/>\n<meta property=\"article:published_time\" content=\"2023-03-07T09:30:16+00:00\" \/>\n<meta property=\"article:modified_time\" content=\"2025-06-13T07:58:35+00:00\" \/>\n<meta property=\"og:image\" content=\"https:\/\/www.openarms.es\/wp-content\/uploads\/2025\/05\/namaka-dedica-un-numero-especial-a-la-migracion-los-ddhh-y-la-empatia-1746091766-1024x731.png\" \/>\n\t<meta property=\"og:image:width\" content=\"1024\" \/>\n\t<meta property=\"og:image:height\" content=\"731\" \/>\n\t<meta property=\"og:image:type\" content=\"image\/png\" \/>\n<meta name=\"author\" content=\"Victor\" \/>\n<meta name=\"twitter:card\" content=\"summary_large_image\" \/>\n<meta name=\"twitter:label1\" content=\"Escrito por\" \/>\n\t<meta name=\"twitter:data1\" content=\"Victor\" \/>\n\t<meta name=\"twitter:label2\" content=\"Tiempo de lectura\" \/>\n\t<meta name=\"twitter:data2\" content=\"3 minutos\" \/>\n<script type=\"application\/ld+json\" class=\"yoast-schema-graph\">{\"@context\":\"https:\\\/\\\/schema.org\",\"@graph\":[{\"@type\":\"Article\",\"@id\":\"https:\\\/\\\/www.openarms.es\\\/es\\\/actualidad\\\/noticias\\\/namaka-dedica-un-numero-especial-a-la-migracion-los-ddhh-y-la-empatia#article\",\"isPartOf\":{\"@id\":\"https:\\\/\\\/www.openarms.es\\\/es\\\/actualidad\\\/noticias\\\/namaka-dedica-un-numero-especial-a-la-migracion-los-ddhh-y-la-empatia\"},\"author\":{\"name\":\"Victor\",\"@id\":\"https:\\\/\\\/www.openarms.es\\\/es\\\/#\\\/schema\\\/person\\\/bbf6e90ac395fe0d255bfed8bf8985ac\"},\"headline\":\"&#8216;Namaka&#8217; dedica un n\u00famero especial a la migraci\u00f3n, los DDHH y la empat\u00eda\",\"datePublished\":\"2023-03-07T09:30:16+00:00\",\"dateModified\":\"2025-06-13T07:58:35+00:00\",\"mainEntityOfPage\":{\"@id\":\"https:\\\/\\\/www.openarms.es\\\/es\\\/actualidad\\\/noticias\\\/namaka-dedica-un-numero-especial-a-la-migracion-los-ddhh-y-la-empatia\"},\"wordCount\":568,\"publisher\":{\"@id\":\"https:\\\/\\\/www.openarms.es\\\/es\\\/#organization\"},\"image\":{\"@id\":\"https:\\\/\\\/www.openarms.es\\\/es\\\/actualidad\\\/noticias\\\/namaka-dedica-un-numero-especial-a-la-migracion-los-ddhh-y-la-empatia#primaryimage\"},\"thumbnailUrl\":\"https:\\\/\\\/www.openarms.es\\\/wp-content\\\/uploads\\\/2025\\\/05\\\/namaka-dedica-un-numero-especial-a-la-migracion-los-ddhh-y-la-empatia-1746091766.png\",\"keywords\":[\"Campa\u00f1as\"],\"articleSection\":[\"Noticias\"],\"inLanguage\":\"es\"},{\"@type\":\"WebPage\",\"@id\":\"https:\\\/\\\/www.openarms.es\\\/es\\\/actualidad\\\/noticias\\\/namaka-dedica-un-numero-especial-a-la-migracion-los-ddhh-y-la-empatia\",\"url\":\"https:\\\/\\\/www.openarms.es\\\/es\\\/actualidad\\\/noticias\\\/namaka-dedica-un-numero-especial-a-la-migracion-los-ddhh-y-la-empatia\",\"name\":\"'Namaka' dedica un n\u00famero especial a la migraci\u00f3n, los DDHH y la empat\u00eda - Open Arms\",\"isPartOf\":{\"@id\":\"https:\\\/\\\/www.openarms.es\\\/es\\\/#website\"},\"primaryImageOfPage\":{\"@id\":\"https:\\\/\\\/www.openarms.es\\\/es\\\/actualidad\\\/noticias\\\/namaka-dedica-un-numero-especial-a-la-migracion-los-ddhh-y-la-empatia#primaryimage\"},\"image\":{\"@id\":\"https:\\\/\\\/www.openarms.es\\\/es\\\/actualidad\\\/noticias\\\/namaka-dedica-un-numero-especial-a-la-migracion-los-ddhh-y-la-empatia#primaryimage\"},\"thumbnailUrl\":\"https:\\\/\\\/www.openarms.es\\\/wp-content\\\/uploads\\\/2025\\\/05\\\/namaka-dedica-un-numero-especial-a-la-migracion-los-ddhh-y-la-empatia-1746091766.png\",\"datePublished\":\"2023-03-07T09:30:16+00:00\",\"dateModified\":\"2025-06-13T07:58:35+00:00\",\"inLanguage\":\"es\",\"potentialAction\":[{\"@type\":\"ReadAction\",\"target\":[\"https:\\\/\\\/www.openarms.es\\\/es\\\/actualidad\\\/noticias\\\/namaka-dedica-un-numero-especial-a-la-migracion-los-ddhh-y-la-empatia\"]}]},{\"@type\":\"ImageObject\",\"inLanguage\":\"es\",\"@id\":\"https:\\\/\\\/www.openarms.es\\\/es\\\/actualidad\\\/noticias\\\/namaka-dedica-un-numero-especial-a-la-migracion-los-ddhh-y-la-empatia#primaryimage\",\"url\":\"https:\\\/\\\/www.openarms.es\\\/wp-content\\\/uploads\\\/2025\\\/05\\\/namaka-dedica-un-numero-especial-a-la-migracion-los-ddhh-y-la-empatia-1746091766.png\",\"contentUrl\":\"https:\\\/\\\/www.openarms.es\\\/wp-content\\\/uploads\\\/2025\\\/05\\\/namaka-dedica-un-numero-especial-a-la-migracion-los-ddhh-y-la-empatia-1746091766.png\",\"width\":1600,\"height\":1142,\"caption\":\"'Namaka' dedica un n\u00famero especial a la migraci\u00f3n, los DDHH y la empat\u00eda\"},{\"@type\":\"WebSite\",\"@id\":\"https:\\\/\\\/www.openarms.es\\\/es\\\/#website\",\"url\":\"https:\\\/\\\/www.openarms.es\\\/es\\\/\",\"name\":\"Open Arms\",\"description\":\"\",\"publisher\":{\"@id\":\"https:\\\/\\\/www.openarms.es\\\/es\\\/#organization\"},\"potentialAction\":[{\"@type\":\"SearchAction\",\"target\":{\"@type\":\"EntryPoint\",\"urlTemplate\":\"https:\\\/\\\/www.openarms.es\\\/es\\\/?s={search_term_string}\"},\"query-input\":{\"@type\":\"PropertyValueSpecification\",\"valueRequired\":true,\"valueName\":\"search_term_string\"}}],\"inLanguage\":\"es\"},{\"@type\":\"Organization\",\"@id\":\"https:\\\/\\\/www.openarms.es\\\/es\\\/#organization\",\"name\":\"Open Arms\",\"url\":\"https:\\\/\\\/www.openarms.es\\\/es\\\/\",\"logo\":{\"@type\":\"ImageObject\",\"inLanguage\":\"es\",\"@id\":\"https:\\\/\\\/www.openarms.es\\\/es\\\/#\\\/schema\\\/logo\\\/image\\\/\",\"url\":\"https:\\\/\\\/www.openarms.es\\\/wp-content\\\/uploads\\\/2025\\\/03\\\/BRAND.svg\",\"contentUrl\":\"https:\\\/\\\/www.openarms.es\\\/wp-content\\\/uploads\\\/2025\\\/03\\\/BRAND.svg\",\"caption\":\"Open Arms\"},\"image\":{\"@id\":\"https:\\\/\\\/www.openarms.es\\\/es\\\/#\\\/schema\\\/logo\\\/image\\\/\"}},{\"@type\":\"Person\",\"@id\":\"https:\\\/\\\/www.openarms.es\\\/es\\\/#\\\/schema\\\/person\\\/bbf6e90ac395fe0d255bfed8bf8985ac\",\"name\":\"Victor\",\"sameAs\":[\"https:\\\/\\\/open-arms.c.wetopi.com\"]}]}<\/script>\n<!-- \/ Yoast SEO plugin. -->","yoast_head_json":{"title":"'Namaka' dedica un n\u00famero especial a la migraci\u00f3n, los DDHH y la empat\u00eda - Open Arms","robots":{"index":"index","follow":"follow","max-snippet":"max-snippet:-1","max-image-preview":"max-image-preview:large","max-video-preview":"max-video-preview:-1"},"canonical":"https:\/\/www.openarms.es\/es\/actualidad\/noticias\/namaka-dedica-un-numero-especial-a-la-migracion-los-ddhh-y-la-empatia","og_locale":"es_ES","og_type":"article","og_title":"'Namaka' dedica un n\u00famero especial a la migraci\u00f3n, los DDHH y la empat\u00eda - Open Arms","og_description":"La revista infantil ha contado con la colaboraci&oacute;n especial de Open Arms Namaka publica nueva revista y lo hace tratando con los ni&ntilde;os un tema controvertido, urgente y necesario. La revista n&uacute;mero 35 va de personas que migran y de un mundo m&aacute;s justo donde nadie tenga que jugarse la vida cruzando el mar. Esta revista ha sido creada a partir de la experiencia de Open Arms, la ONG que tiene como misi&oacute;n principal proteger en el mar a aquellas personas que intentan llegar a Europa huyendo de conflictos b&eacute;licos, persecuciones, pobreza&hellip; Esta colaboraci&oacute;n es importante porque con ella Open Arms y Namaka quieren concienciar a los ni&ntilde;os de las desigualdades y las injusticias sociales que los rodean.","og_url":"https:\/\/www.openarms.es\/es\/actualidad\/noticias\/namaka-dedica-un-numero-especial-a-la-migracion-los-ddhh-y-la-empatia","og_site_name":"Open Arms","article_published_time":"2023-03-07T09:30:16+00:00","article_modified_time":"2025-06-13T07:58:35+00:00","og_image":[{"width":1024,"height":731,"url":"https:\/\/www.openarms.es\/wp-content\/uploads\/2025\/05\/namaka-dedica-un-numero-especial-a-la-migracion-los-ddhh-y-la-empatia-1746091766-1024x731.png","type":"image\/png"}],"author":"Victor","twitter_card":"summary_large_image","twitter_misc":{"Escrito por":"Victor","Tiempo de lectura":"3 minutos"},"schema":{"@context":"https:\/\/schema.org","@graph":[{"@type":"Article","@id":"https:\/\/www.openarms.es\/es\/actualidad\/noticias\/namaka-dedica-un-numero-especial-a-la-migracion-los-ddhh-y-la-empatia#article","isPartOf":{"@id":"https:\/\/www.openarms.es\/es\/actualidad\/noticias\/namaka-dedica-un-numero-especial-a-la-migracion-los-ddhh-y-la-empatia"},"author":{"name":"Victor","@id":"https:\/\/www.openarms.es\/es\/#\/schema\/person\/bbf6e90ac395fe0d255bfed8bf8985ac"},"headline":"&#8216;Namaka&#8217; dedica un n\u00famero especial a la migraci\u00f3n, los DDHH y la empat\u00eda","datePublished":"2023-03-07T09:30:16+00:00","dateModified":"2025-06-13T07:58:35+00:00","mainEntityOfPage":{"@id":"https:\/\/www.openarms.es\/es\/actualidad\/noticias\/namaka-dedica-un-numero-especial-a-la-migracion-los-ddhh-y-la-empatia"},"wordCount":568,"publisher":{"@id":"https:\/\/www.openarms.es\/es\/#organization"},"image":{"@id":"https:\/\/www.openarms.es\/es\/actualidad\/noticias\/namaka-dedica-un-numero-especial-a-la-migracion-los-ddhh-y-la-empatia#primaryimage"},"thumbnailUrl":"https:\/\/www.openarms.es\/wp-content\/uploads\/2025\/05\/namaka-dedica-un-numero-especial-a-la-migracion-los-ddhh-y-la-empatia-1746091766.png","keywords":["Campa\u00f1as"],"articleSection":["Noticias"],"inLanguage":"es"},{"@type":"WebPage","@id":"https:\/\/www.openarms.es\/es\/actualidad\/noticias\/namaka-dedica-un-numero-especial-a-la-migracion-los-ddhh-y-la-empatia","url":"https:\/\/www.openarms.es\/es\/actualidad\/noticias\/namaka-dedica-un-numero-especial-a-la-migracion-los-ddhh-y-la-empatia","name":"'Namaka' dedica un n\u00famero especial a la migraci\u00f3n, los DDHH y la empat\u00eda - Open Arms","isPartOf":{"@id":"https:\/\/www.openarms.es\/es\/#website"},"primaryImageOfPage":{"@id":"https:\/\/www.openarms.es\/es\/actualidad\/noticias\/namaka-dedica-un-numero-especial-a-la-migracion-los-ddhh-y-la-empatia#primaryimage"},"image":{"@id":"https:\/\/www.openarms.es\/es\/actualidad\/noticias\/namaka-dedica-un-numero-especial-a-la-migracion-los-ddhh-y-la-empatia#primaryimage"},"thumbnailUrl":"https:\/\/www.openarms.es\/wp-content\/uploads\/2025\/05\/namaka-dedica-un-numero-especial-a-la-migracion-los-ddhh-y-la-empatia-1746091766.png","datePublished":"2023-03-07T09:30:16+00:00","dateModified":"2025-06-13T07:58:35+00:00","inLanguage":"es","potentialAction":[{"@type":"ReadAction","target":["https:\/\/www.openarms.es\/es\/actualidad\/noticias\/namaka-dedica-un-numero-especial-a-la-migracion-los-ddhh-y-la-empatia"]}]},{"@type":"ImageObject","inLanguage":"es","@id":"https:\/\/www.openarms.es\/es\/actualidad\/noticias\/namaka-dedica-un-numero-especial-a-la-migracion-los-ddhh-y-la-empatia#primaryimage","url":"https:\/\/www.openarms.es\/wp-content\/uploads\/2025\/05\/namaka-dedica-un-numero-especial-a-la-migracion-los-ddhh-y-la-empatia-1746091766.png","contentUrl":"https:\/\/www.openarms.es\/wp-content\/uploads\/2025\/05\/namaka-dedica-un-numero-especial-a-la-migracion-los-ddhh-y-la-empatia-1746091766.png","width":1600,"height":1142,"caption":"'Namaka' dedica un n\u00famero especial a la migraci\u00f3n, los DDHH y la empat\u00eda"},{"@type":"WebSite","@id":"https:\/\/www.openarms.es\/es\/#website","url":"https:\/\/www.openarms.es\/es\/","name":"Open Arms","description":"","publisher":{"@id":"https:\/\/www.openarms.es\/es\/#organization"},"potentialAction":[{"@type":"SearchAction","target":{"@type":"EntryPoint","urlTemplate":"https:\/\/www.openarms.es\/es\/?s={search_term_string}"},"query-input":{"@type":"PropertyValueSpecification","valueRequired":true,"valueName":"search_term_string"}}],"inLanguage":"es"},{"@type":"Organization","@id":"https:\/\/www.openarms.es\/es\/#organization","name":"Open Arms","url":"https:\/\/www.openarms.es\/es\/","logo":{"@type":"ImageObject","inLanguage":"es","@id":"https:\/\/www.openarms.es\/es\/#\/schema\/logo\/image\/","url":"https:\/\/www.openarms.es\/wp-content\/uploads\/2025\/03\/BRAND.svg","contentUrl":"https:\/\/www.openarms.es\/wp-content\/uploads\/2025\/03\/BRAND.svg","caption":"Open Arms"},"image":{"@id":"https:\/\/www.openarms.es\/es\/#\/schema\/logo\/image\/"}},{"@type":"Person","@id":"https:\/\/www.openarms.es\/es\/#\/schema\/person\/bbf6e90ac395fe0d255bfed8bf8985ac","name":"Victor","sameAs":["https:\/\/open-arms.c.wetopi.com"]}]}},"_links":{"self":[{"href":"https:\/\/www.openarms.es\/es\/wp-json\/wp\/v2\/posts\/2289","targetHints":{"allow":["GET"]}}],"collection":[{"href":"https:\/\/www.openarms.es\/es\/wp-json\/wp\/v2\/posts"}],"about":[{"href":"https:\/\/www.openarms.es\/es\/wp-json\/wp\/v2\/types\/post"}],"author":[{"embeddable":true,"href":"https:\/\/www.openarms.es\/es\/wp-json\/wp\/v2\/users\/1"}],"replies":[{"embeddable":true,"href":"https:\/\/www.openarms.es\/es\/wp-json\/wp\/v2\/comments?post=2289"}],"version-history":[{"count":1,"href":"https:\/\/www.openarms.es\/es\/wp-json\/wp\/v2\/posts\/2289\/revisions"}],"predecessor-version":[{"id":3183,"href":"https:\/\/www.openarms.es\/es\/wp-json\/wp\/v2\/posts\/2289\/revisions\/3183"}],"wp:featuredmedia":[{"embeddable":true,"href":"https:\/\/www.openarms.es\/es\/wp-json\/wp\/v2\/media\/2290"}],"wp:attachment":[{"href":"https:\/\/www.openarms.es\/es\/wp-json\/wp\/v2\/media?parent=2289"}],"wp:term":[{"taxonomy":"category","embeddable":true,"href":"https:\/\/www.openarms.es\/es\/wp-json\/wp\/v2\/categories?post=2289"},{"taxonomy":"post_tag","embeddable":true,"href":"https:\/\/www.openarms.es\/es\/wp-json\/wp\/v2\/tags?post=2289"}],"curies":[{"name":"wp","href":"https:\/\/api.w.org\/{rel}","templated":true}]}}