{"id":2297,"date":"2023-03-07T09:30:16","date_gmt":"2023-03-07T09:30:16","guid":{"rendered":"https:\/\/www.openarms.es\/namaka-dedica-un-numero-speciale-alla-migrazione-alle-diritti-umani-e-allempatia"},"modified":"2025-06-13T09:17:32","modified_gmt":"2025-06-13T09:17:32","slug":"namaka-dedica-un-numero-speciale-alla-migrazione-alle-diritti-umani-e-allempatia","status":"publish","type":"post","link":"https:\/\/www.openarms.es\/it\/attualita\/stampa\/namaka-dedica-un-numero-speciale-alla-migrazione-alle-diritti-umani-e-allempatia","title":{"rendered":"Namaka&#8221; dedica un numero speciale alla migrazione, alle  diritti umani e all&#8217;empatia"},"content":{"rendered":"<p style=\"text-align: justify\"><span style=\"font-weight: 400\">La rivista spiega alcune delle cause delle migrazioni, fa appello alla memoria storica, incoraggia l&#8217;empatia e tratta anche il dramma di tutte quelle persone che rischiano la vita cercando di attraversare il Mediterraneo. Invita a riflettere sulla maniera in cui accogliamo i nuovi arrivati \u200b\u200be ci esorta a metterci nei panni delle persone che migrano. Questo nuovo numero tratta anche delle disuguaglianze e di come condizionano l&#8217;esistenza di tante persone nel mondo. Ma, soprattutto, <\/span><strong>vuole essere un inno alla speranza e alla partecipazione attiva e celebrare l&rsquo;abnegazione di tutte quelle persone che, a braccia aperte, aiutano e denunciano le ingiustizie<\/strong><span style=\"font-weight: 400\">. Il numero 35 di Namaka pone domande alle quali a volte &egrave; difficile rispondere, ma che, come societ&agrave;, &egrave; indispensabile farsi.<\/span><\/p>\n<p style=\"text-align: justify\"><span style=\"font-weight: 400\">Namaka &egrave; stata elaborata grazie al contributo di Open Arms e soprattutto della sua coordinatrice pedagogica, <\/span><strong>&Aacute;ngeles<\/strong> <strong>Schjaer<\/strong><span style=\"font-weight: 400\">, che fa questa riflessione: &laquo;Finch&eacute; continueremo a costruire muri e proteggere i confini invece di proteggere gli esseri umani, continueremo a vivere in un mondo ingiusto. <\/span><strong>Dovremmo costruire pi&ugrave; ponti e meno muri!<\/strong><span style=\"font-weight: 400\"> Con questo progetto, ci&ograve; che vogliamo &egrave; avere un mondo pi&ugrave; giusto e pi&ugrave; comprensivo con tutte le persone, da qualunque parte provengano. Con &ldquo;Educazione alla Libert&agrave;&rdquo; apriamo le braccia, ma anche il cuore e la mente, per poter essere responsabili e onesti. Dobbiamo recuperare la memoria storica e pensare che viviamo in un Paese [la Spagna] da cui, qualche anno fa, tante persone emigrarono e fuggivano da una guerra e noi abbiamo avuto la fortuna di essere accolti dall&#8217;altra parte del mare e l&#8217;opportunit&agrave; di ricominciare&raquo;.<\/span><\/p>\n<p style=\"text-align: justify\"><span style=\"font-weight: 400\">&laquo;Questa rivista &egrave; un regalo per tutte quelle famiglie e scuole che si impegnano per offrire ai bambini contenuti che affrontano temi cos&igrave; importanti. In Namaka crediamo che<\/span><strong> la consapevolezza e l&#8217;informazione siano essenziali fin dalla tenera et&agrave;<\/strong><span style=\"font-weight: 400\">, affinch&eacute; i nostri figli sviluppino la capacit&agrave; di decisione e azione. Per questo offriamo sempre proposte che incoraggiano l&#8217;attivismo, con l&#8217;obiettivo di far riflettere e cercare soluzioni alle sfide attuali&rdquo;, aggiunge Sara Molina, curatrice della testata.<\/span><\/p>\n<p style=\"text-align: justify\"><span style=\"font-weight: 400\">Il 15 febbraio, la curatrice della rivista Namaka, Sara Molina, e &Aacute;ngeles Schjaer, coordinatrice pedagogica di Open Arms, hanno presentato insieme questo numero speciale in un video in diretta sul <\/span><a href=\"https:\/\/www.instagram.com\/p\/CortgboA-zU\/\" target=\"_blank\" rel=\"noopener\"><strong>canale IG di Namaka<\/strong><\/a><span style=\"font-weight: 400\">.<\/span><\/p>\n<p style=\"text-align: justify\"><span style=\"font-weight: 400\">Inoltre, &Aacute;ngeles Schjaer ha anche parlato con Sara Molina nel podcast <\/span><a href=\"https:\/\/open.spotify.com\/episode\/2r1qlJ6ayCifgFc8HhtwRK?si=zlyXU-cbT0ODRB3QvSYr8w&amp;nd=1\" target=\"_blank\" rel=\"noopener\"><strong><i>&ldquo;Fora tab&uacute;!&rdquo;<\/i><\/strong><\/a><span style=\"font-weight: 400\">, rivolto al personale docente, in cui la curatrice della rivista Namaka parla di questioni controverse che devono essere affrontate in classe. In questo capitolo, Schjaer ha presentato il progetto &#8220;Educazione per la LIbert&agrave;&#8221;, che Open Arms realizza nelle scuole e negli istituti superiori, per sensibilizzare su migrazione, empatia e diritti umani.<\/span><\/p>\n","protected":false},"excerpt":{"rendered":"<p>Il num. 35 della famosa rivista per bambini &egrave; stato elaborato con la collaborazione speciale di Open Arms<br \/>\nNamaka pubblica un nuovo numero e lo fa affrontando un tema controverso, urgente e necessario con i bambini. La rivista numero 35 parla di persone che migrano e di un mondo pi&ugrave; giusto in cui nessuno &egrave; costretto a rischiare la vita attraversando il mare.<br \/>\nQuesto numero nasce dall&#8217;esperienza di Open Arms, la ONG la cui missione principale &egrave; proteggere in mare coloro che tentano di raggiungere l&#8217;Europa fuggendo da guerre, persecuzioni, povert&agrave;&#8230; Questa collaborazione &egrave; importante perch&eacute; permette ad Open Arms e Namaka di fornire ai bambini gli strumenti adeguati per diventare consapevoli delle disuguaglianze e delle ingiustizie sociali che li circondano.<\/p>\n","protected":false},"author":8,"featured_media":2290,"comment_status":"closed","ping_status":"closed","sticky":false,"template":"","format":"standard","meta":{"content-type":"","footnotes":""},"categories":[62],"tags":[79],"class_list":["post-2297","post","type-post","status-publish","format-standard","has-post-thumbnail","hentry","category-stampa","tag-campagnes-it"],"yoast_head":"<!-- This site is optimized with the Yoast SEO plugin v27.4 - https:\/\/yoast.com\/product\/yoast-seo-wordpress\/ -->\n<title>Namaka&quot; dedica un numero speciale alla migrazione, alle diritti umani e all&#039;empatia - Open Arms<\/title>\n<meta name=\"robots\" content=\"index, follow, max-snippet:-1, max-image-preview:large, max-video-preview:-1\" \/>\n<link rel=\"canonical\" href=\"https:\/\/www.openarms.es\/it\/attualita\/stampa\/namaka-dedica-un-numero-speciale-alla-migrazione-alle-diritti-umani-e-allempatia\" \/>\n<meta property=\"og:locale\" content=\"it_IT\" \/>\n<meta property=\"og:type\" content=\"article\" \/>\n<meta property=\"og:title\" content=\"Namaka&quot; dedica un numero speciale alla migrazione, alle diritti umani e all&#039;empatia - Open Arms\" \/>\n<meta property=\"og:description\" content=\"Il num. 35 della famosa rivista per bambini &egrave; stato elaborato con la collaborazione speciale di Open Arms Namaka pubblica un nuovo numero e lo fa affrontando un tema controverso, urgente e necessario con i bambini. La rivista numero 35 parla di persone che migrano e di un mondo pi&ugrave; giusto in cui nessuno &egrave; costretto a rischiare la vita attraversando il mare. Questo numero nasce dall&#039;esperienza di Open Arms, la ONG la cui missione principale &egrave; proteggere in mare coloro che tentano di raggiungere l&#039;Europa fuggendo da guerre, persecuzioni, povert&agrave;... Questa collaborazione &egrave; importante perch&eacute; permette ad Open Arms e Namaka di fornire ai bambini gli strumenti adeguati per diventare consapevoli delle disuguaglianze e delle ingiustizie sociali che li circondano.\" \/>\n<meta property=\"og:url\" content=\"https:\/\/www.openarms.es\/it\/attualita\/stampa\/namaka-dedica-un-numero-speciale-alla-migrazione-alle-diritti-umani-e-allempatia\" \/>\n<meta property=\"og:site_name\" content=\"Open Arms\" \/>\n<meta property=\"article:published_time\" content=\"2023-03-07T09:30:16+00:00\" \/>\n<meta property=\"article:modified_time\" content=\"2025-06-13T09:17:32+00:00\" \/>\n<meta property=\"og:image\" content=\"https:\/\/www.openarms.es\/wp-content\/uploads\/2025\/05\/namaka-dedica-un-numero-especial-a-la-migracion-los-ddhh-y-la-empatia-1746091766-1024x731.png\" \/>\n\t<meta property=\"og:image:width\" content=\"1024\" \/>\n\t<meta property=\"og:image:height\" content=\"731\" \/>\n\t<meta property=\"og:image:type\" content=\"image\/png\" \/>\n<meta name=\"author\" content=\"Fcesc. Xavier Izquierdo Magall\u00f3n\" \/>\n<meta name=\"twitter:card\" content=\"summary_large_image\" \/>\n<meta name=\"twitter:label1\" content=\"Scritto da\" \/>\n\t<meta name=\"twitter:data1\" content=\"Fcesc. Xavier Izquierdo Magall\u00f3n\" \/>\n\t<meta name=\"twitter:label2\" content=\"Tempo di lettura stimato\" \/>\n\t<meta name=\"twitter:data2\" content=\"2 minuti\" \/>\n<script type=\"application\/ld+json\" class=\"yoast-schema-graph\">{\"@context\":\"https:\\\/\\\/schema.org\",\"@graph\":[{\"@type\":\"Article\",\"@id\":\"https:\\\/\\\/www.openarms.es\\\/it\\\/attualita\\\/stampa\\\/namaka-dedica-un-numero-speciale-alla-migrazione-alle-diritti-umani-e-allempatia#article\",\"isPartOf\":{\"@id\":\"https:\\\/\\\/www.openarms.es\\\/it\\\/attualita\\\/stampa\\\/namaka-dedica-un-numero-speciale-alla-migrazione-alle-diritti-umani-e-allempatia\"},\"author\":{\"name\":\"Fcesc. Xavier Izquierdo Magall\u00f3n\",\"@id\":\"https:\\\/\\\/www.openarms.es\\\/it#\\\/schema\\\/person\\\/37058fd74ce120cad668739fd2d800b6\"},\"headline\":\"Namaka&#8221; dedica un numero speciale alla migrazione, alle diritti umani e all&#8217;empatia\",\"datePublished\":\"2023-03-07T09:30:16+00:00\",\"dateModified\":\"2025-06-13T09:17:32+00:00\",\"mainEntityOfPage\":{\"@id\":\"https:\\\/\\\/www.openarms.es\\\/it\\\/attualita\\\/stampa\\\/namaka-dedica-un-numero-speciale-alla-migrazione-alle-diritti-umani-e-allempatia\"},\"wordCount\":476,\"publisher\":{\"@id\":\"https:\\\/\\\/www.openarms.es\\\/it#organization\"},\"image\":{\"@id\":\"https:\\\/\\\/www.openarms.es\\\/it\\\/attualita\\\/stampa\\\/namaka-dedica-un-numero-speciale-alla-migrazione-alle-diritti-umani-e-allempatia#primaryimage\"},\"thumbnailUrl\":\"https:\\\/\\\/www.openarms.es\\\/wp-content\\\/uploads\\\/2025\\\/05\\\/namaka-dedica-un-numero-especial-a-la-migracion-los-ddhh-y-la-empatia-1746091766.png\",\"keywords\":[\"Campagnes\"],\"articleSection\":[\"Stampa\"],\"inLanguage\":\"it-IT\"},{\"@type\":\"WebPage\",\"@id\":\"https:\\\/\\\/www.openarms.es\\\/it\\\/attualita\\\/stampa\\\/namaka-dedica-un-numero-speciale-alla-migrazione-alle-diritti-umani-e-allempatia\",\"url\":\"https:\\\/\\\/www.openarms.es\\\/it\\\/attualita\\\/stampa\\\/namaka-dedica-un-numero-speciale-alla-migrazione-alle-diritti-umani-e-allempatia\",\"name\":\"Namaka\\\" dedica un numero speciale alla migrazione, alle diritti umani e all'empatia - Open Arms\",\"isPartOf\":{\"@id\":\"https:\\\/\\\/www.openarms.es\\\/it#website\"},\"primaryImageOfPage\":{\"@id\":\"https:\\\/\\\/www.openarms.es\\\/it\\\/attualita\\\/stampa\\\/namaka-dedica-un-numero-speciale-alla-migrazione-alle-diritti-umani-e-allempatia#primaryimage\"},\"image\":{\"@id\":\"https:\\\/\\\/www.openarms.es\\\/it\\\/attualita\\\/stampa\\\/namaka-dedica-un-numero-speciale-alla-migrazione-alle-diritti-umani-e-allempatia#primaryimage\"},\"thumbnailUrl\":\"https:\\\/\\\/www.openarms.es\\\/wp-content\\\/uploads\\\/2025\\\/05\\\/namaka-dedica-un-numero-especial-a-la-migracion-los-ddhh-y-la-empatia-1746091766.png\",\"datePublished\":\"2023-03-07T09:30:16+00:00\",\"dateModified\":\"2025-06-13T09:17:32+00:00\",\"inLanguage\":\"it-IT\",\"potentialAction\":[{\"@type\":\"ReadAction\",\"target\":[\"https:\\\/\\\/www.openarms.es\\\/it\\\/attualita\\\/stampa\\\/namaka-dedica-un-numero-speciale-alla-migrazione-alle-diritti-umani-e-allempatia\"]}]},{\"@type\":\"ImageObject\",\"inLanguage\":\"it-IT\",\"@id\":\"https:\\\/\\\/www.openarms.es\\\/it\\\/attualita\\\/stampa\\\/namaka-dedica-un-numero-speciale-alla-migrazione-alle-diritti-umani-e-allempatia#primaryimage\",\"url\":\"https:\\\/\\\/www.openarms.es\\\/wp-content\\\/uploads\\\/2025\\\/05\\\/namaka-dedica-un-numero-especial-a-la-migracion-los-ddhh-y-la-empatia-1746091766.png\",\"contentUrl\":\"https:\\\/\\\/www.openarms.es\\\/wp-content\\\/uploads\\\/2025\\\/05\\\/namaka-dedica-un-numero-especial-a-la-migracion-los-ddhh-y-la-empatia-1746091766.png\",\"width\":1600,\"height\":1142,\"caption\":\"'Namaka' dedica un n\u00famero especial a la migraci\u00f3n, los DDHH y la empat\u00eda\"},{\"@type\":\"WebSite\",\"@id\":\"https:\\\/\\\/www.openarms.es\\\/it#website\",\"url\":\"https:\\\/\\\/www.openarms.es\\\/it\",\"name\":\"Open Arms\",\"description\":\"\",\"publisher\":{\"@id\":\"https:\\\/\\\/www.openarms.es\\\/it#organization\"},\"potentialAction\":[{\"@type\":\"SearchAction\",\"target\":{\"@type\":\"EntryPoint\",\"urlTemplate\":\"https:\\\/\\\/www.openarms.es\\\/it?s={search_term_string}\"},\"query-input\":{\"@type\":\"PropertyValueSpecification\",\"valueRequired\":true,\"valueName\":\"search_term_string\"}}],\"inLanguage\":\"it-IT\"},{\"@type\":\"Organization\",\"@id\":\"https:\\\/\\\/www.openarms.es\\\/it#organization\",\"name\":\"Open Arms\",\"url\":\"https:\\\/\\\/www.openarms.es\\\/it\",\"logo\":{\"@type\":\"ImageObject\",\"inLanguage\":\"it-IT\",\"@id\":\"https:\\\/\\\/www.openarms.es\\\/it#\\\/schema\\\/logo\\\/image\\\/\",\"url\":\"https:\\\/\\\/www.openarms.es\\\/wp-content\\\/uploads\\\/2025\\\/03\\\/BRAND.svg\",\"contentUrl\":\"https:\\\/\\\/www.openarms.es\\\/wp-content\\\/uploads\\\/2025\\\/03\\\/BRAND.svg\",\"caption\":\"Open Arms\"},\"image\":{\"@id\":\"https:\\\/\\\/www.openarms.es\\\/it#\\\/schema\\\/logo\\\/image\\\/\"}},{\"@type\":\"Person\",\"@id\":\"https:\\\/\\\/www.openarms.es\\\/it#\\\/schema\\\/person\\\/37058fd74ce120cad668739fd2d800b6\",\"name\":\"Fcesc. Xavier Izquierdo Magall\u00f3n\"}]}<\/script>\n<!-- \/ Yoast SEO plugin. -->","yoast_head_json":{"title":"Namaka\" dedica un numero speciale alla migrazione, alle diritti umani e all'empatia - Open Arms","robots":{"index":"index","follow":"follow","max-snippet":"max-snippet:-1","max-image-preview":"max-image-preview:large","max-video-preview":"max-video-preview:-1"},"canonical":"https:\/\/www.openarms.es\/it\/attualita\/stampa\/namaka-dedica-un-numero-speciale-alla-migrazione-alle-diritti-umani-e-allempatia","og_locale":"it_IT","og_type":"article","og_title":"Namaka\" dedica un numero speciale alla migrazione, alle diritti umani e all'empatia - Open Arms","og_description":"Il num. 35 della famosa rivista per bambini &egrave; stato elaborato con la collaborazione speciale di Open Arms Namaka pubblica un nuovo numero e lo fa affrontando un tema controverso, urgente e necessario con i bambini. La rivista numero 35 parla di persone che migrano e di un mondo pi&ugrave; giusto in cui nessuno &egrave; costretto a rischiare la vita attraversando il mare. Questo numero nasce dall'esperienza di Open Arms, la ONG la cui missione principale &egrave; proteggere in mare coloro che tentano di raggiungere l'Europa fuggendo da guerre, persecuzioni, povert&agrave;... Questa collaborazione &egrave; importante perch&eacute; permette ad Open Arms e Namaka di fornire ai bambini gli strumenti adeguati per diventare consapevoli delle disuguaglianze e delle ingiustizie sociali che li circondano.","og_url":"https:\/\/www.openarms.es\/it\/attualita\/stampa\/namaka-dedica-un-numero-speciale-alla-migrazione-alle-diritti-umani-e-allempatia","og_site_name":"Open Arms","article_published_time":"2023-03-07T09:30:16+00:00","article_modified_time":"2025-06-13T09:17:32+00:00","og_image":[{"width":1024,"height":731,"url":"https:\/\/www.openarms.es\/wp-content\/uploads\/2025\/05\/namaka-dedica-un-numero-especial-a-la-migracion-los-ddhh-y-la-empatia-1746091766-1024x731.png","type":"image\/png"}],"author":"Fcesc. Xavier Izquierdo Magall\u00f3n","twitter_card":"summary_large_image","twitter_misc":{"Scritto da":"Fcesc. Xavier Izquierdo Magall\u00f3n","Tempo di lettura stimato":"2 minuti"},"schema":{"@context":"https:\/\/schema.org","@graph":[{"@type":"Article","@id":"https:\/\/www.openarms.es\/it\/attualita\/stampa\/namaka-dedica-un-numero-speciale-alla-migrazione-alle-diritti-umani-e-allempatia#article","isPartOf":{"@id":"https:\/\/www.openarms.es\/it\/attualita\/stampa\/namaka-dedica-un-numero-speciale-alla-migrazione-alle-diritti-umani-e-allempatia"},"author":{"name":"Fcesc. Xavier Izquierdo Magall\u00f3n","@id":"https:\/\/www.openarms.es\/it#\/schema\/person\/37058fd74ce120cad668739fd2d800b6"},"headline":"Namaka&#8221; dedica un numero speciale alla migrazione, alle diritti umani e all&#8217;empatia","datePublished":"2023-03-07T09:30:16+00:00","dateModified":"2025-06-13T09:17:32+00:00","mainEntityOfPage":{"@id":"https:\/\/www.openarms.es\/it\/attualita\/stampa\/namaka-dedica-un-numero-speciale-alla-migrazione-alle-diritti-umani-e-allempatia"},"wordCount":476,"publisher":{"@id":"https:\/\/www.openarms.es\/it#organization"},"image":{"@id":"https:\/\/www.openarms.es\/it\/attualita\/stampa\/namaka-dedica-un-numero-speciale-alla-migrazione-alle-diritti-umani-e-allempatia#primaryimage"},"thumbnailUrl":"https:\/\/www.openarms.es\/wp-content\/uploads\/2025\/05\/namaka-dedica-un-numero-especial-a-la-migracion-los-ddhh-y-la-empatia-1746091766.png","keywords":["Campagnes"],"articleSection":["Stampa"],"inLanguage":"it-IT"},{"@type":"WebPage","@id":"https:\/\/www.openarms.es\/it\/attualita\/stampa\/namaka-dedica-un-numero-speciale-alla-migrazione-alle-diritti-umani-e-allempatia","url":"https:\/\/www.openarms.es\/it\/attualita\/stampa\/namaka-dedica-un-numero-speciale-alla-migrazione-alle-diritti-umani-e-allempatia","name":"Namaka\" dedica un numero speciale alla migrazione, alle diritti umani e all'empatia - Open Arms","isPartOf":{"@id":"https:\/\/www.openarms.es\/it#website"},"primaryImageOfPage":{"@id":"https:\/\/www.openarms.es\/it\/attualita\/stampa\/namaka-dedica-un-numero-speciale-alla-migrazione-alle-diritti-umani-e-allempatia#primaryimage"},"image":{"@id":"https:\/\/www.openarms.es\/it\/attualita\/stampa\/namaka-dedica-un-numero-speciale-alla-migrazione-alle-diritti-umani-e-allempatia#primaryimage"},"thumbnailUrl":"https:\/\/www.openarms.es\/wp-content\/uploads\/2025\/05\/namaka-dedica-un-numero-especial-a-la-migracion-los-ddhh-y-la-empatia-1746091766.png","datePublished":"2023-03-07T09:30:16+00:00","dateModified":"2025-06-13T09:17:32+00:00","inLanguage":"it-IT","potentialAction":[{"@type":"ReadAction","target":["https:\/\/www.openarms.es\/it\/attualita\/stampa\/namaka-dedica-un-numero-speciale-alla-migrazione-alle-diritti-umani-e-allempatia"]}]},{"@type":"ImageObject","inLanguage":"it-IT","@id":"https:\/\/www.openarms.es\/it\/attualita\/stampa\/namaka-dedica-un-numero-speciale-alla-migrazione-alle-diritti-umani-e-allempatia#primaryimage","url":"https:\/\/www.openarms.es\/wp-content\/uploads\/2025\/05\/namaka-dedica-un-numero-especial-a-la-migracion-los-ddhh-y-la-empatia-1746091766.png","contentUrl":"https:\/\/www.openarms.es\/wp-content\/uploads\/2025\/05\/namaka-dedica-un-numero-especial-a-la-migracion-los-ddhh-y-la-empatia-1746091766.png","width":1600,"height":1142,"caption":"'Namaka' dedica un n\u00famero especial a la migraci\u00f3n, los DDHH y la empat\u00eda"},{"@type":"WebSite","@id":"https:\/\/www.openarms.es\/it#website","url":"https:\/\/www.openarms.es\/it","name":"Open Arms","description":"","publisher":{"@id":"https:\/\/www.openarms.es\/it#organization"},"potentialAction":[{"@type":"SearchAction","target":{"@type":"EntryPoint","urlTemplate":"https:\/\/www.openarms.es\/it?s={search_term_string}"},"query-input":{"@type":"PropertyValueSpecification","valueRequired":true,"valueName":"search_term_string"}}],"inLanguage":"it-IT"},{"@type":"Organization","@id":"https:\/\/www.openarms.es\/it#organization","name":"Open Arms","url":"https:\/\/www.openarms.es\/it","logo":{"@type":"ImageObject","inLanguage":"it-IT","@id":"https:\/\/www.openarms.es\/it#\/schema\/logo\/image\/","url":"https:\/\/www.openarms.es\/wp-content\/uploads\/2025\/03\/BRAND.svg","contentUrl":"https:\/\/www.openarms.es\/wp-content\/uploads\/2025\/03\/BRAND.svg","caption":"Open Arms"},"image":{"@id":"https:\/\/www.openarms.es\/it#\/schema\/logo\/image\/"}},{"@type":"Person","@id":"https:\/\/www.openarms.es\/it#\/schema\/person\/37058fd74ce120cad668739fd2d800b6","name":"Fcesc. Xavier Izquierdo Magall\u00f3n"}]}},"_links":{"self":[{"href":"https:\/\/www.openarms.es\/it\/wp-json\/wp\/v2\/posts\/2297","targetHints":{"allow":["GET"]}}],"collection":[{"href":"https:\/\/www.openarms.es\/it\/wp-json\/wp\/v2\/posts"}],"about":[{"href":"https:\/\/www.openarms.es\/it\/wp-json\/wp\/v2\/types\/post"}],"author":[{"embeddable":true,"href":"https:\/\/www.openarms.es\/it\/wp-json\/wp\/v2\/users\/8"}],"replies":[{"embeddable":true,"href":"https:\/\/www.openarms.es\/it\/wp-json\/wp\/v2\/comments?post=2297"}],"version-history":[{"count":2,"href":"https:\/\/www.openarms.es\/it\/wp-json\/wp\/v2\/posts\/2297\/revisions"}],"predecessor-version":[{"id":4032,"href":"https:\/\/www.openarms.es\/it\/wp-json\/wp\/v2\/posts\/2297\/revisions\/4032"}],"wp:featuredmedia":[{"embeddable":true,"href":"https:\/\/www.openarms.es\/it\/wp-json\/wp\/v2\/media\/2290"}],"wp:attachment":[{"href":"https:\/\/www.openarms.es\/it\/wp-json\/wp\/v2\/media?parent=2297"}],"wp:term":[{"taxonomy":"category","embeddable":true,"href":"https:\/\/www.openarms.es\/it\/wp-json\/wp\/v2\/categories?post=2297"},{"taxonomy":"post_tag","embeddable":true,"href":"https:\/\/www.openarms.es\/it\/wp-json\/wp\/v2\/tags?post=2297"}],"curies":[{"name":"wp","href":"https:\/\/api.w.org\/{rel}","templated":true}]}}